{"id":11886,"date":"2018-09-21T17:14:21","date_gmt":"2018-09-21T21:14:21","guid":{"rendered":"http:\/\/www.fieam.org.br\/fieam\/?p=11886"},"modified":"2018-09-21T17:14:21","modified_gmt":"2018-09-21T21:14:21","slug":"mostra-de-gestao-e-qualidade-do-pqa-2018","status":"publish","type":"post","link":"https:\/\/fieam.org.br\/fieam\/mostra-de-gestao-e-qualidade-do-pqa-2018\/","title":{"rendered":"Mostra de Gest\u00e3o e Qualidade do PQA 2018"},"content":{"rendered":"<figure id=\"attachment_11889\" aria-describedby=\"caption-attachment-11889\" style=\"width: 464px\" class=\"wp-caption alignleft\"><a href=\"http:\/\/www.fieam.org.br\/fieam\/wp-content\/uploads\/sites\/5\/2018\/09\/Presidente-da-FIEAM-Antonio-Silva-fala-sobre-19\u00ba-Mostra-de-Gest\u00e3o-e-Melhorias-para-Qualidade.jpg\"><img fetchpriority=\"high\" decoding=\"async\" class=\" wp-image-11889\" src=\"http:\/\/www.fieam.org.br\/fieam\/wp-content\/uploads\/sites\/5\/2018\/09\/Presidente-da-FIEAM-Antonio-Silva-fala-sobre-19\u00ba-Mostra-de-Gest\u00e3o-e-Melhorias-para-Qualidade.jpg\" alt=\"\" width=\"464\" height=\"385\" \/><\/a><figcaption id=\"caption-attachment-11889\" class=\"wp-caption-text\">Presidente da FIEAM, Antonio Silva, fala sobre 19\u00ba Mostra de Gest\u00e3o e Melhorias para Qualidade<\/figcaption><\/figure>\n<p>\u00daltima fase do processo de avalia\u00e7\u00e3o para o Pr\u00eamio Qualidade Amazonas (PQA), promovido pela Federa\u00e7\u00e3o das Ind\u00fastrias do Estado do Amazonas (FIEAM), come\u00e7a na ter\u00e7a-feira, 25, no audit\u00f3rio da Suframa, Distrito Industrial, a 19\u00aa edi\u00e7\u00e3o da Mostra de Gest\u00e3o e Melhorias para Qualidade 2018. At\u00e9 o dia 28 de setembro, 29 organiza\u00e7\u00f5es apresentam seus resultados em busca da qualidade, sete delas na modalidade Gest\u00e3o e 22 na modalidade Processo.<\/p>\n<p>Empresas como Moto Honda, 3M, Yamaha Motor e Salcomp, e organiza\u00e7\u00f5es como Funda\u00e7\u00e3o Amazonas Sustent\u00e1vel (FAS), Secretaria Municipal de Economia e Finan\u00e7as (Semef), participam da 25\u00aa edi\u00e7\u00e3o do PQA e ir\u00e3o compartilhar as pr\u00e1ticas de melhoria na gest\u00e3o, produtividade, otimiza\u00e7\u00e3o e efici\u00eancia de processos.<\/p>\n<p>A Mostra de Gest\u00e3o e Melhorias para Qualidade \u00e9 considerada o maior evento de Benchmarking da Regi\u00e3o no que diz respeito a pr\u00e1ticas de Gest\u00e3o e melhorias de Processos em organiza\u00e7\u00f5es privadas e p\u00fablicas. \u201cE os participantes t\u00eam a oportunidade de acompanhar o que as organiza\u00e7\u00f5es finalistas est\u00e3o fazendo de melhor para gerirem seus neg\u00f3cios\u201d, disse o presidente da FIEAM, Antonio Silva.<\/p>\n<p>O objetivo dessa etapa \u00e9 apresentar as organiza\u00e7\u00f5es finalistas \u00e0 Comiss\u00e3o Julgadora e o p\u00fablico em geral, em suas melhores pr\u00e1ticas descritas nos relat\u00f3rios de Gest\u00e3o ou Processo. Neste ano, foram feitas 52 inscri\u00e7\u00f5es, as quais geraram os 45 relat\u00f3rios entregues e avaliados.<\/p>\n<p>O evento \u00e9 uma promo\u00e7\u00e3o da Federa\u00e7\u00e3o das Ind\u00fastrias do Estado do Amazonas (FIEAM), por meio do Departamento de Assist\u00eancia \u00e0 M\u00e9dia e Pequena Ind\u00fastria (DAMPI).<\/p>\n<p>Veja programa\u00e7\u00e3o completa em\u00a0<a href=\"https:\/\/goo.gl\/KJWNyH\">https:\/\/goo.gl\/KJWNyH<\/a><\/p>\n","protected":false},"excerpt":{"rendered":"<p>\u00daltima fase do processo de avalia\u00e7\u00e3o para o Pr\u00eamio Qualidade Amazonas (PQA), promovido pela Federa\u00e7\u00e3o das Ind\u00fastrias do Estado do Amazonas (FIEAM), come\u00e7a na ter\u00e7a-feira, 25, no audit\u00f3rio da Suframa, Distrito Industrial, a 19\u00aa edi\u00e7\u00e3o da Mostra de Gest\u00e3o e Melhorias para Qualidade 2018. At\u00e9 o dia 28 de setembro, 29 organiza\u00e7\u00f5es apresentam seus resultados [&hellip;]<\/p>\n","protected":false},"author":1,"featured_media":11888,"comment_status":"closed","ping_status":"open","sticky":false,"template":"","format":"standard","meta":{"footnotes":""},"categories":[28,29,30],"tags":[],"class_list":["post-11886","post","type-post","status-publish","format-standard","has-post-thumbnail","hentry","category-banner-destaque","category-news","category-news_destaque"],"yoast_head":"<!-- This site is optimized with the Yoast SEO plugin v26.8 - https:\/\/yoast.com\/product\/yoast-seo-wordpress\/ -->\n<title>Mostra de Gest\u00e3o e Qualidade do PQA 2018 - FIEAM<\/title>\n<meta name=\"robots\" content=\"index, follow, max-snippet:-1, max-image-preview:large, max-video-preview:-1\" \/>\n<link rel=\"canonical\" href=\"https:\/\/fieam.org.br\/fieam\/mostra-de-gestao-e-qualidade-do-pqa-2018\/\" \/>\n<meta property=\"og:locale\" content=\"pt_BR\" \/>\n<meta property=\"og:type\" content=\"article\" \/>\n<meta property=\"og:title\" content=\"Mostra de Gest\u00e3o e Qualidade do PQA 2018 - FIEAM\" \/>\n<meta property=\"og:description\" content=\"\u00daltima fase do processo de avalia\u00e7\u00e3o para o Pr\u00eamio Qualidade Amazonas (PQA), promovido pela Federa\u00e7\u00e3o das Ind\u00fastrias do Estado do Amazonas (FIEAM), come\u00e7a na ter\u00e7a-feira, 25, no audit\u00f3rio da Suframa, Distrito Industrial, a 19\u00aa edi\u00e7\u00e3o da Mostra de Gest\u00e3o e Melhorias para Qualidade 2018. At\u00e9 o dia 28 de setembro, 29 organiza\u00e7\u00f5es apresentam seus resultados [&hellip;]\" \/>\n<meta property=\"og:url\" content=\"https:\/\/fieam.org.br\/fieam\/mostra-de-gestao-e-qualidade-do-pqa-2018\/\" \/>\n<meta property=\"og:site_name\" content=\"FIEAM\" \/>\n<meta property=\"article:published_time\" content=\"2018-09-21T21:14:21+00:00\" \/>\n<meta name=\"author\" content=\"Autor\" \/>\n<meta name=\"twitter:card\" content=\"summary_large_image\" \/>\n<meta name=\"twitter:label1\" content=\"Escrito por\" \/>\n\t<meta name=\"twitter:data1\" content=\"Autor\" \/>\n\t<meta name=\"twitter:label2\" content=\"Est. tempo de leitura\" \/>\n\t<meta name=\"twitter:data2\" content=\"2 minutos\" \/>\n<script type=\"application\/ld+json\" class=\"yoast-schema-graph\">{\"@context\":\"https:\/\/schema.org\",\"@graph\":[{\"@type\":\"Article\",\"@id\":\"https:\/\/fieam.org.br\/fieam\/mostra-de-gestao-e-qualidade-do-pqa-2018\/#article\",\"isPartOf\":{\"@id\":\"https:\/\/fieam.org.br\/fieam\/mostra-de-gestao-e-qualidade-do-pqa-2018\/\"},\"author\":{\"name\":\"Autor\",\"@id\":\"https:\/\/fieam.org.br\/fieam\/#\/schema\/person\/c1ceda8321521b291cee22da0a7d34be\"},\"headline\":\"Mostra de Gest\u00e3o e Qualidade do PQA 2018\",\"datePublished\":\"2018-09-21T21:14:21+00:00\",\"mainEntityOfPage\":{\"@id\":\"https:\/\/fieam.org.br\/fieam\/mostra-de-gestao-e-qualidade-do-pqa-2018\/\"},\"wordCount\":314,\"publisher\":{\"@id\":\"https:\/\/fieam.org.br\/fieam\/#organization\"},\"image\":{\"@id\":\"https:\/\/fieam.org.br\/fieam\/mostra-de-gestao-e-qualidade-do-pqa-2018\/#primaryimage\"},\"thumbnailUrl\":\"\",\"articleSection\":[\"Banner Destaque\",\"News\",\"News Destaque\"],\"inLanguage\":\"pt-BR\"},{\"@type\":\"WebPage\",\"@id\":\"https:\/\/fieam.org.br\/fieam\/mostra-de-gestao-e-qualidade-do-pqa-2018\/\",\"url\":\"https:\/\/fieam.org.br\/fieam\/mostra-de-gestao-e-qualidade-do-pqa-2018\/\",\"name\":\"Mostra de Gest\u00e3o e Qualidade do PQA 2018 - FIEAM\",\"isPartOf\":{\"@id\":\"https:\/\/fieam.org.br\/fieam\/#website\"},\"primaryImageOfPage\":{\"@id\":\"https:\/\/fieam.org.br\/fieam\/mostra-de-gestao-e-qualidade-do-pqa-2018\/#primaryimage\"},\"image\":{\"@id\":\"https:\/\/fieam.org.br\/fieam\/mostra-de-gestao-e-qualidade-do-pqa-2018\/#primaryimage\"},\"thumbnailUrl\":\"\",\"datePublished\":\"2018-09-21T21:14:21+00:00\",\"breadcrumb\":{\"@id\":\"https:\/\/fieam.org.br\/fieam\/mostra-de-gestao-e-qualidade-do-pqa-2018\/#breadcrumb\"},\"inLanguage\":\"pt-BR\",\"potentialAction\":[{\"@type\":\"ReadAction\",\"target\":[\"https:\/\/fieam.org.br\/fieam\/mostra-de-gestao-e-qualidade-do-pqa-2018\/\"]}]},{\"@type\":\"ImageObject\",\"inLanguage\":\"pt-BR\",\"@id\":\"https:\/\/fieam.org.br\/fieam\/mostra-de-gestao-e-qualidade-do-pqa-2018\/#primaryimage\",\"url\":\"\",\"contentUrl\":\"\"},{\"@type\":\"BreadcrumbList\",\"@id\":\"https:\/\/fieam.org.br\/fieam\/mostra-de-gestao-e-qualidade-do-pqa-2018\/#breadcrumb\",\"itemListElement\":[{\"@type\":\"ListItem\",\"position\":1,\"name\":\"In\u00edcio\",\"item\":\"https:\/\/fieam.org.br\/fieam\/\"},{\"@type\":\"ListItem\",\"position\":2,\"name\":\"Mostra de Gest\u00e3o e Qualidade do PQA 2018\"}]},{\"@type\":\"WebSite\",\"@id\":\"https:\/\/fieam.org.br\/fieam\/#website\",\"url\":\"https:\/\/fieam.org.br\/fieam\/\",\"name\":\"FIEAM\",\"description\":\"Site Oficial!\",\"publisher\":{\"@id\":\"https:\/\/fieam.org.br\/fieam\/#organization\"},\"potentialAction\":[{\"@type\":\"SearchAction\",\"target\":{\"@type\":\"EntryPoint\",\"urlTemplate\":\"https:\/\/fieam.org.br\/fieam\/?s={search_term_string}\"},\"query-input\":{\"@type\":\"PropertyValueSpecification\",\"valueRequired\":true,\"valueName\":\"search_term_string\"}}],\"inLanguage\":\"pt-BR\"},{\"@type\":\"Organization\",\"@id\":\"https:\/\/fieam.org.br\/fieam\/#organization\",\"name\":\"FIEAM\",\"url\":\"https:\/\/fieam.org.br\/fieam\/\",\"logo\":{\"@type\":\"ImageObject\",\"inLanguage\":\"pt-BR\",\"@id\":\"https:\/\/fieam.org.br\/fieam\/#\/schema\/logo\/image\/\",\"url\":\"https:\/\/fieam.org.br\/fieam\/wp-content\/uploads\/sites\/9\/2024\/03\/cropped-fav.png\",\"contentUrl\":\"https:\/\/fieam.org.br\/fieam\/wp-content\/uploads\/sites\/9\/2024\/03\/cropped-fav.png\",\"width\":597,\"height\":598,\"caption\":\"FIEAM\"},\"image\":{\"@id\":\"https:\/\/fieam.org.br\/fieam\/#\/schema\/logo\/image\/\"}},{\"@type\":\"Person\",\"@id\":\"https:\/\/fieam.org.br\/fieam\/#\/schema\/person\/c1ceda8321521b291cee22da0a7d34be\",\"name\":\"Autor\",\"image\":{\"@type\":\"ImageObject\",\"inLanguage\":\"pt-BR\",\"@id\":\"https:\/\/fieam.org.br\/fieam\/#\/schema\/person\/image\/\",\"url\":\"https:\/\/secure.gravatar.com\/avatar\/3732c223e0e1fad69062a8f770955c9068d37b055204f310a0be18d4069fe380?s=96&d=mm&r=g\",\"contentUrl\":\"https:\/\/secure.gravatar.com\/avatar\/3732c223e0e1fad69062a8f770955c9068d37b055204f310a0be18d4069fe380?s=96&d=mm&r=g\",\"caption\":\"Autor\"},\"sameAs\":[\"https:\/\/marketingmassivo.com.br\"],\"url\":\"https:\/\/fieam.org.br\/fieam\/author\/admin\/\"}]}<\/script>\n<!-- \/ Yoast SEO plugin. -->","yoast_head_json":{"title":"Mostra de Gest\u00e3o e Qualidade do PQA 2018 - FIEAM","robots":{"index":"index","follow":"follow","max-snippet":"max-snippet:-1","max-image-preview":"max-image-preview:large","max-video-preview":"max-video-preview:-1"},"canonical":"https:\/\/fieam.org.br\/fieam\/mostra-de-gestao-e-qualidade-do-pqa-2018\/","og_locale":"pt_BR","og_type":"article","og_title":"Mostra de Gest\u00e3o e Qualidade do PQA 2018 - FIEAM","og_description":"\u00daltima fase do processo de avalia\u00e7\u00e3o para o Pr\u00eamio Qualidade Amazonas (PQA), promovido pela Federa\u00e7\u00e3o das Ind\u00fastrias do Estado do Amazonas (FIEAM), come\u00e7a na ter\u00e7a-feira, 25, no audit\u00f3rio da Suframa, Distrito Industrial, a 19\u00aa edi\u00e7\u00e3o da Mostra de Gest\u00e3o e Melhorias para Qualidade 2018. At\u00e9 o dia 28 de setembro, 29 organiza\u00e7\u00f5es apresentam seus resultados [&hellip;]","og_url":"https:\/\/fieam.org.br\/fieam\/mostra-de-gestao-e-qualidade-do-pqa-2018\/","og_site_name":"FIEAM","article_published_time":"2018-09-21T21:14:21+00:00","author":"Autor","twitter_card":"summary_large_image","twitter_misc":{"Escrito por":"Autor","Est. tempo de leitura":"2 minutos"},"schema":{"@context":"https:\/\/schema.org","@graph":[{"@type":"Article","@id":"https:\/\/fieam.org.br\/fieam\/mostra-de-gestao-e-qualidade-do-pqa-2018\/#article","isPartOf":{"@id":"https:\/\/fieam.org.br\/fieam\/mostra-de-gestao-e-qualidade-do-pqa-2018\/"},"author":{"name":"Autor","@id":"https:\/\/fieam.org.br\/fieam\/#\/schema\/person\/c1ceda8321521b291cee22da0a7d34be"},"headline":"Mostra de Gest\u00e3o e Qualidade do PQA 2018","datePublished":"2018-09-21T21:14:21+00:00","mainEntityOfPage":{"@id":"https:\/\/fieam.org.br\/fieam\/mostra-de-gestao-e-qualidade-do-pqa-2018\/"},"wordCount":314,"publisher":{"@id":"https:\/\/fieam.org.br\/fieam\/#organization"},"image":{"@id":"https:\/\/fieam.org.br\/fieam\/mostra-de-gestao-e-qualidade-do-pqa-2018\/#primaryimage"},"thumbnailUrl":"","articleSection":["Banner Destaque","News","News Destaque"],"inLanguage":"pt-BR"},{"@type":"WebPage","@id":"https:\/\/fieam.org.br\/fieam\/mostra-de-gestao-e-qualidade-do-pqa-2018\/","url":"https:\/\/fieam.org.br\/fieam\/mostra-de-gestao-e-qualidade-do-pqa-2018\/","name":"Mostra de Gest\u00e3o e Qualidade do PQA 2018 - FIEAM","isPartOf":{"@id":"https:\/\/fieam.org.br\/fieam\/#website"},"primaryImageOfPage":{"@id":"https:\/\/fieam.org.br\/fieam\/mostra-de-gestao-e-qualidade-do-pqa-2018\/#primaryimage"},"image":{"@id":"https:\/\/fieam.org.br\/fieam\/mostra-de-gestao-e-qualidade-do-pqa-2018\/#primaryimage"},"thumbnailUrl":"","datePublished":"2018-09-21T21:14:21+00:00","breadcrumb":{"@id":"https:\/\/fieam.org.br\/fieam\/mostra-de-gestao-e-qualidade-do-pqa-2018\/#breadcrumb"},"inLanguage":"pt-BR","potentialAction":[{"@type":"ReadAction","target":["https:\/\/fieam.org.br\/fieam\/mostra-de-gestao-e-qualidade-do-pqa-2018\/"]}]},{"@type":"ImageObject","inLanguage":"pt-BR","@id":"https:\/\/fieam.org.br\/fieam\/mostra-de-gestao-e-qualidade-do-pqa-2018\/#primaryimage","url":"","contentUrl":""},{"@type":"BreadcrumbList","@id":"https:\/\/fieam.org.br\/fieam\/mostra-de-gestao-e-qualidade-do-pqa-2018\/#breadcrumb","itemListElement":[{"@type":"ListItem","position":1,"name":"In\u00edcio","item":"https:\/\/fieam.org.br\/fieam\/"},{"@type":"ListItem","position":2,"name":"Mostra de Gest\u00e3o e Qualidade do PQA 2018"}]},{"@type":"WebSite","@id":"https:\/\/fieam.org.br\/fieam\/#website","url":"https:\/\/fieam.org.br\/fieam\/","name":"FIEAM","description":"Site Oficial!","publisher":{"@id":"https:\/\/fieam.org.br\/fieam\/#organization"},"potentialAction":[{"@type":"SearchAction","target":{"@type":"EntryPoint","urlTemplate":"https:\/\/fieam.org.br\/fieam\/?s={search_term_string}"},"query-input":{"@type":"PropertyValueSpecification","valueRequired":true,"valueName":"search_term_string"}}],"inLanguage":"pt-BR"},{"@type":"Organization","@id":"https:\/\/fieam.org.br\/fieam\/#organization","name":"FIEAM","url":"https:\/\/fieam.org.br\/fieam\/","logo":{"@type":"ImageObject","inLanguage":"pt-BR","@id":"https:\/\/fieam.org.br\/fieam\/#\/schema\/logo\/image\/","url":"https:\/\/fieam.org.br\/fieam\/wp-content\/uploads\/sites\/9\/2024\/03\/cropped-fav.png","contentUrl":"https:\/\/fieam.org.br\/fieam\/wp-content\/uploads\/sites\/9\/2024\/03\/cropped-fav.png","width":597,"height":598,"caption":"FIEAM"},"image":{"@id":"https:\/\/fieam.org.br\/fieam\/#\/schema\/logo\/image\/"}},{"@type":"Person","@id":"https:\/\/fieam.org.br\/fieam\/#\/schema\/person\/c1ceda8321521b291cee22da0a7d34be","name":"Autor","image":{"@type":"ImageObject","inLanguage":"pt-BR","@id":"https:\/\/fieam.org.br\/fieam\/#\/schema\/person\/image\/","url":"https:\/\/secure.gravatar.com\/avatar\/3732c223e0e1fad69062a8f770955c9068d37b055204f310a0be18d4069fe380?s=96&d=mm&r=g","contentUrl":"https:\/\/secure.gravatar.com\/avatar\/3732c223e0e1fad69062a8f770955c9068d37b055204f310a0be18d4069fe380?s=96&d=mm&r=g","caption":"Autor"},"sameAs":["https:\/\/marketingmassivo.com.br"],"url":"https:\/\/fieam.org.br\/fieam\/author\/admin\/"}]}},"_links":{"self":[{"href":"https:\/\/fieam.org.br\/fieam\/wp-json\/wp\/v2\/posts\/11886","targetHints":{"allow":["GET"]}}],"collection":[{"href":"https:\/\/fieam.org.br\/fieam\/wp-json\/wp\/v2\/posts"}],"about":[{"href":"https:\/\/fieam.org.br\/fieam\/wp-json\/wp\/v2\/types\/post"}],"author":[{"embeddable":true,"href":"https:\/\/fieam.org.br\/fieam\/wp-json\/wp\/v2\/users\/1"}],"replies":[{"embeddable":true,"href":"https:\/\/fieam.org.br\/fieam\/wp-json\/wp\/v2\/comments?post=11886"}],"version-history":[{"count":0,"href":"https:\/\/fieam.org.br\/fieam\/wp-json\/wp\/v2\/posts\/11886\/revisions"}],"wp:featuredmedia":[{"embeddable":true,"href":"https:\/\/fieam.org.br\/fieam\/wp-json\/"}],"wp:attachment":[{"href":"https:\/\/fieam.org.br\/fieam\/wp-json\/wp\/v2\/media?parent=11886"}],"wp:term":[{"taxonomy":"category","embeddable":true,"href":"https:\/\/fieam.org.br\/fieam\/wp-json\/wp\/v2\/categories?post=11886"},{"taxonomy":"post_tag","embeddable":true,"href":"https:\/\/fieam.org.br\/fieam\/wp-json\/wp\/v2\/tags?post=11886"}],"curies":[{"name":"wp","href":"https:\/\/api.w.org\/{rel}","templated":true}]}}