{"id":11870,"date":"2018-09-20T08:49:21","date_gmt":"2018-09-20T12:49:21","guid":{"rendered":"http:\/\/www.fieam.org.br\/fieam\/?p=11870"},"modified":"2018-09-20T08:49:21","modified_gmt":"2018-09-20T12:49:21","slug":"desvalorizacao-do-real-alta-do-preco-do-oleo-combustivel-e-greve-dos-caminhoneiros-provocam-aumento-nos-custos-da-industria","status":"publish","type":"post","link":"https:\/\/fieam.org.br\/fieam\/desvalorizacao-do-real-alta-do-preco-do-oleo-combustivel-e-greve-dos-caminhoneiros-provocam-aumento-nos-custos-da-industria\/","title":{"rendered":"Desvaloriza\u00e7\u00e3o do real, alta do pre\u00e7o do \u00f3leo combust\u00edvel e greve dos caminhoneiros provocam aumento nos custos da ind\u00fastria"},"content":{"rendered":"<p>Apesar do maior crescimento dos custos desde o quarto trimestre de 2015, a ind\u00fastria manteve a lucratividade no segundo trimestre de 2018<\/p>\n<p>&nbsp;<\/p>\n<p><a href=\"http:\/\/www.fieam.org.br\/fieam\/wp-content\/uploads\/sites\/5\/2018\/09\/200918-arteindicadordecustosindustriais.jpg\"><img fetchpriority=\"high\" decoding=\"async\" class=\"wp-image-11872 aligncenter\" src=\"http:\/\/www.fieam.org.br\/fieam\/wp-content\/uploads\/sites\/5\/2018\/09\/200918-arteindicadordecustosindustriais.jpg\" alt=\"\" width=\"559\" height=\"512\" \/><\/a><\/p>\n<p>&nbsp;<\/p>\n<p>O indicador de custos industriais apresentou crescimento de 3,7% no segundo trimestre de 2018 na compara\u00e7\u00e3o com o primeiro trimestre, na s\u00e9rie livre de efeitos sazonais. Foi o maior aumento registrado desde o quarto trimestre de 2015, quando a expans\u00e3o chegou a 3,8%. Os dados est\u00e3o no estudo <a href=\"http:\/\/www.portaldaindustria.com.br\/estatisticas\/indicador-de-custos-industriais\/\">Indicador de Custos Industriais,<\/a> divulgado nesta quarta-feira, 19 de setembro, pela <a href=\"http:\/\/www.portaldaindustria.com.br\/\">Confedera\u00e7\u00e3o Nacional da Ind\u00fastria (CNI)<\/a>.<\/p>\n<p>De acordo com o estudo trimestral, tr\u00eas fatores contribu\u00edram para a alta nos custos da ind\u00fastria: a desvaloriza\u00e7\u00e3o do real, a alta do pre\u00e7o do \u00f3leo combust\u00edvel e a paralisa\u00e7\u00e3o no transporte de carga rodovi\u00e1ria que ocorreu em maio de 2018.<\/p>\n<p>A moeda brasileira, que se desvalorizou 11,2% no segundo trimestre de 2018, na compara\u00e7\u00e3o com o primeiro trimestre deste ano, gerou alguns efeitos. O primeiro deles foi o efeito direto sobre os custos dos bens intermedi\u00e1rios importados pela ind\u00fastria brasileira para a produ\u00e7\u00e3o, que teve uma alta de 15,2%. \u201c\u00c9 como se os produtos intermedi\u00e1rios importados, que s\u00e3o os componentes que a ind\u00fastria brasileira traz de outros pa\u00edses, ficassem 11,2% mais caros, sem tempo h\u00e1bil para as ind\u00fastrias negociarem pre\u00e7os ou encontrarem outros fornecedores\u201d, ilustra a economista da CNI Maria Carolina Correia Marques.<\/p>\n<p>O segundo efeito da desvaloriza\u00e7\u00e3o do real foi sobre o pre\u00e7o do \u00f3leo combust\u00edvel, que apresentou crescimento de 24,4% no segundo trimestre de 2018 em rela\u00e7\u00e3o ao primeiro trimestre, alta influenciada tamb\u00e9m pelo aumento de 11% no pre\u00e7o internacional do petr\u00f3leo no per\u00edodo. Esses fatores elevaram 8,5% os custos com energia da ind\u00fastria brasileira no segundo trimestre.<\/p>\n<p>Por fim, o terceiro efeito foi a greve dos caminhoneiros sobre o pre\u00e7o dos insumos dom\u00e9sticos. A paralisa\u00e7\u00e3o gerou uma escassez, que, por sua vez, elevou o pre\u00e7o dos intermedi\u00e1rios dom\u00e9sticos em 4,9% tamb\u00e9m no segundo trimestre de 2018. \u201cAdicionalmente, como consequ\u00eancia da greve dos caminhoneiros, foi estabelecido um tabelamento de frete que aumentou o pre\u00e7o com transporte rodovi\u00e1rio de carga. Esse aumento no valor do transporte \u00e9 repassado ao pre\u00e7o dos produtos e pressiona os pre\u00e7os dos intermedi\u00e1rios dom\u00e9sticos\u201d, explica Maria Carolina.\u00a0 O custo com capital de giro apresentou queda de 3,8% e se destaca com a nona retrata\u00e7\u00e3o seguida. \u00c9 o maior per\u00edodo de queda ininterrupto dos juros desde o in\u00edcio da s\u00e9rie em 2006.<\/p>\n<p>Apesar da alta nos custos industriais, o estudo da CNI mostra que a ind\u00fastria preservou a sua lucratividade no trimestre, pois o aumento de pre\u00e7os dos produtos manufaturados foi de 3,8%, indicando capacidade de a ind\u00fastria repassar o aumento de custos do trimestre aos consumidores.<\/p>\n<p><strong>ATENDIMENTO \u00c0 IMPRENSA<\/strong><strong><br \/>\nSuperintend\u00eancia de Jornalismo da CNI<\/strong><\/p>\n<p>(61) 3317-9578 \/ 9895<br \/>\n<a href=\"mailto:imprensa@cni.org.br\">imprensa@cni.com.br<\/a><\/p>\n<p><strong>SITE<\/strong><br \/>\n<a href=\"https:\/\/app.workr.com.br\/LinkOpen.aspx?mid=af2af379-d494-4a15-93bc-6a1e9de08a95&amp;lid=l3F\/6PRlspEfYCFK5XBNIw==\">http:\/\/www.portaldaindustria.com.br\/<\/a><\/p>\n<p><strong>REDES SOCIAIS<\/strong><br \/>\n<a href=\"https:\/\/app.workr.com.br\/LinkOpen.aspx?mid=af2af379-d494-4a15-93bc-6a1e9de08a95&amp;lid=RfCCwsPEqHLMfZZVp9lOoA==\">https:\/\/twitter.com\/CNI_br<\/a><br \/>\n<a href=\"https:\/\/app.workr.com.br\/LinkOpen.aspx?mid=af2af379-d494-4a15-93bc-6a1e9de08a95&amp;lid=0OUT2PyMN70tsQMsCsqCmQ==\">https:\/\/www.facebook.com\/cnibrasil<\/a><br \/>\n<a href=\"https:\/\/app.workr.com.br\/LinkOpen.aspx?mid=af2af379-d494-4a15-93bc-6a1e9de08a95&amp;lid=OIBBmj9oSP0YBxURbQObLQ==\">http:\/\/www.youtube.com\/user\/cniweb<\/a><\/p>\n<p><strong>IMAGENS<\/strong><br \/>\n<a href=\"https:\/\/app.workr.com.br\/LinkOpen.aspx?mid=af2af379-d494-4a15-93bc-6a1e9de08a95&amp;lid=DMTnzIVSDvot1XkW1si4ww==\">https:\/\/www.flickr.com\/photos\/cniweb\/<\/a><\/p>\n","protected":false},"excerpt":{"rendered":"<p>Apesar do maior crescimento dos custos desde o quarto trimestre de 2015, a ind\u00fastria manteve a lucratividade no segundo trimestre de 2018 &nbsp; &nbsp; O indicador de custos industriais apresentou crescimento de 3,7% no segundo trimestre de 2018 na compara\u00e7\u00e3o com o primeiro trimestre, na s\u00e9rie livre de efeitos sazonais. Foi o maior aumento registrado [&hellip;]<\/p>\n","protected":false},"author":1,"featured_media":11874,"comment_status":"closed","ping_status":"open","sticky":false,"template":"","format":"standard","meta":{"footnotes":""},"categories":[28,29,30],"tags":[],"class_list":["post-11870","post","type-post","status-publish","format-standard","has-post-thumbnail","hentry","category-banner-destaque","category-news","category-news_destaque"],"yoast_head":"<!-- This site is optimized with the Yoast SEO plugin v26.8 - https:\/\/yoast.com\/product\/yoast-seo-wordpress\/ -->\n<title>Desvaloriza\u00e7\u00e3o do real, alta do pre\u00e7o do \u00f3leo combust\u00edvel e greve dos caminhoneiros provocam aumento nos custos da ind\u00fastria - FIEAM<\/title>\n<meta name=\"robots\" content=\"index, follow, max-snippet:-1, max-image-preview:large, max-video-preview:-1\" \/>\n<link rel=\"canonical\" href=\"https:\/\/fieam.org.br\/fieam\/desvalorizacao-do-real-alta-do-preco-do-oleo-combustivel-e-greve-dos-caminhoneiros-provocam-aumento-nos-custos-da-industria\/\" \/>\n<meta property=\"og:locale\" content=\"pt_BR\" \/>\n<meta property=\"og:type\" content=\"article\" \/>\n<meta property=\"og:title\" content=\"Desvaloriza\u00e7\u00e3o do real, alta do pre\u00e7o do \u00f3leo combust\u00edvel e greve dos caminhoneiros provocam aumento nos custos da ind\u00fastria - FIEAM\" \/>\n<meta property=\"og:description\" content=\"Apesar do maior crescimento dos custos desde o quarto trimestre de 2015, a ind\u00fastria manteve a lucratividade no segundo trimestre de 2018 &nbsp; &nbsp; O indicador de custos industriais apresentou crescimento de 3,7% no segundo trimestre de 2018 na compara\u00e7\u00e3o com o primeiro trimestre, na s\u00e9rie livre de efeitos sazonais. Foi o maior aumento registrado [&hellip;]\" \/>\n<meta property=\"og:url\" content=\"https:\/\/fieam.org.br\/fieam\/desvalorizacao-do-real-alta-do-preco-do-oleo-combustivel-e-greve-dos-caminhoneiros-provocam-aumento-nos-custos-da-industria\/\" \/>\n<meta property=\"og:site_name\" content=\"FIEAM\" \/>\n<meta property=\"article:published_time\" content=\"2018-09-20T12:49:21+00:00\" \/>\n<meta name=\"author\" content=\"Autor\" \/>\n<meta name=\"twitter:card\" content=\"summary_large_image\" \/>\n<meta name=\"twitter:label1\" content=\"Escrito por\" \/>\n\t<meta name=\"twitter:data1\" content=\"Autor\" \/>\n\t<meta name=\"twitter:label2\" content=\"Est. tempo de leitura\" \/>\n\t<meta name=\"twitter:data2\" content=\"3 minutos\" \/>\n<script type=\"application\/ld+json\" class=\"yoast-schema-graph\">{\"@context\":\"https:\/\/schema.org\",\"@graph\":[{\"@type\":\"Article\",\"@id\":\"https:\/\/fieam.org.br\/fieam\/desvalorizacao-do-real-alta-do-preco-do-oleo-combustivel-e-greve-dos-caminhoneiros-provocam-aumento-nos-custos-da-industria\/#article\",\"isPartOf\":{\"@id\":\"https:\/\/fieam.org.br\/fieam\/desvalorizacao-do-real-alta-do-preco-do-oleo-combustivel-e-greve-dos-caminhoneiros-provocam-aumento-nos-custos-da-industria\/\"},\"author\":{\"name\":\"Autor\",\"@id\":\"https:\/\/fieam.org.br\/fieam\/#\/schema\/person\/c1ceda8321521b291cee22da0a7d34be\"},\"headline\":\"Desvaloriza\u00e7\u00e3o do real, alta do pre\u00e7o do \u00f3leo combust\u00edvel e greve dos caminhoneiros provocam aumento nos custos da ind\u00fastria\",\"datePublished\":\"2018-09-20T12:49:21+00:00\",\"mainEntityOfPage\":{\"@id\":\"https:\/\/fieam.org.br\/fieam\/desvalorizacao-do-real-alta-do-preco-do-oleo-combustivel-e-greve-dos-caminhoneiros-provocam-aumento-nos-custos-da-industria\/\"},\"wordCount\":540,\"publisher\":{\"@id\":\"https:\/\/fieam.org.br\/fieam\/#organization\"},\"image\":{\"@id\":\"https:\/\/fieam.org.br\/fieam\/desvalorizacao-do-real-alta-do-preco-do-oleo-combustivel-e-greve-dos-caminhoneiros-provocam-aumento-nos-custos-da-industria\/#primaryimage\"},\"thumbnailUrl\":\"\",\"articleSection\":[\"Banner Destaque\",\"News\",\"News Destaque\"],\"inLanguage\":\"pt-BR\"},{\"@type\":\"WebPage\",\"@id\":\"https:\/\/fieam.org.br\/fieam\/desvalorizacao-do-real-alta-do-preco-do-oleo-combustivel-e-greve-dos-caminhoneiros-provocam-aumento-nos-custos-da-industria\/\",\"url\":\"https:\/\/fieam.org.br\/fieam\/desvalorizacao-do-real-alta-do-preco-do-oleo-combustivel-e-greve-dos-caminhoneiros-provocam-aumento-nos-custos-da-industria\/\",\"name\":\"Desvaloriza\u00e7\u00e3o do real, alta do pre\u00e7o do \u00f3leo combust\u00edvel e greve dos caminhoneiros provocam aumento nos custos da ind\u00fastria - FIEAM\",\"isPartOf\":{\"@id\":\"https:\/\/fieam.org.br\/fieam\/#website\"},\"primaryImageOfPage\":{\"@id\":\"https:\/\/fieam.org.br\/fieam\/desvalorizacao-do-real-alta-do-preco-do-oleo-combustivel-e-greve-dos-caminhoneiros-provocam-aumento-nos-custos-da-industria\/#primaryimage\"},\"image\":{\"@id\":\"https:\/\/fieam.org.br\/fieam\/desvalorizacao-do-real-alta-do-preco-do-oleo-combustivel-e-greve-dos-caminhoneiros-provocam-aumento-nos-custos-da-industria\/#primaryimage\"},\"thumbnailUrl\":\"\",\"datePublished\":\"2018-09-20T12:49:21+00:00\",\"breadcrumb\":{\"@id\":\"https:\/\/fieam.org.br\/fieam\/desvalorizacao-do-real-alta-do-preco-do-oleo-combustivel-e-greve-dos-caminhoneiros-provocam-aumento-nos-custos-da-industria\/#breadcrumb\"},\"inLanguage\":\"pt-BR\",\"potentialAction\":[{\"@type\":\"ReadAction\",\"target\":[\"https:\/\/fieam.org.br\/fieam\/desvalorizacao-do-real-alta-do-preco-do-oleo-combustivel-e-greve-dos-caminhoneiros-provocam-aumento-nos-custos-da-industria\/\"]}]},{\"@type\":\"ImageObject\",\"inLanguage\":\"pt-BR\",\"@id\":\"https:\/\/fieam.org.br\/fieam\/desvalorizacao-do-real-alta-do-preco-do-oleo-combustivel-e-greve-dos-caminhoneiros-provocam-aumento-nos-custos-da-industria\/#primaryimage\",\"url\":\"\",\"contentUrl\":\"\"},{\"@type\":\"BreadcrumbList\",\"@id\":\"https:\/\/fieam.org.br\/fieam\/desvalorizacao-do-real-alta-do-preco-do-oleo-combustivel-e-greve-dos-caminhoneiros-provocam-aumento-nos-custos-da-industria\/#breadcrumb\",\"itemListElement\":[{\"@type\":\"ListItem\",\"position\":1,\"name\":\"In\u00edcio\",\"item\":\"https:\/\/fieam.org.br\/fieam\/\"},{\"@type\":\"ListItem\",\"position\":2,\"name\":\"Desvaloriza\u00e7\u00e3o do real, alta do pre\u00e7o do \u00f3leo combust\u00edvel e greve dos caminhoneiros provocam aumento nos custos da ind\u00fastria\"}]},{\"@type\":\"WebSite\",\"@id\":\"https:\/\/fieam.org.br\/fieam\/#website\",\"url\":\"https:\/\/fieam.org.br\/fieam\/\",\"name\":\"FIEAM\",\"description\":\"Site Oficial!\",\"publisher\":{\"@id\":\"https:\/\/fieam.org.br\/fieam\/#organization\"},\"potentialAction\":[{\"@type\":\"SearchAction\",\"target\":{\"@type\":\"EntryPoint\",\"urlTemplate\":\"https:\/\/fieam.org.br\/fieam\/?s={search_term_string}\"},\"query-input\":{\"@type\":\"PropertyValueSpecification\",\"valueRequired\":true,\"valueName\":\"search_term_string\"}}],\"inLanguage\":\"pt-BR\"},{\"@type\":\"Organization\",\"@id\":\"https:\/\/fieam.org.br\/fieam\/#organization\",\"name\":\"FIEAM\",\"url\":\"https:\/\/fieam.org.br\/fieam\/\",\"logo\":{\"@type\":\"ImageObject\",\"inLanguage\":\"pt-BR\",\"@id\":\"https:\/\/fieam.org.br\/fieam\/#\/schema\/logo\/image\/\",\"url\":\"https:\/\/fieam.org.br\/fieam\/wp-content\/uploads\/sites\/9\/2024\/03\/cropped-fav.png\",\"contentUrl\":\"https:\/\/fieam.org.br\/fieam\/wp-content\/uploads\/sites\/9\/2024\/03\/cropped-fav.png\",\"width\":597,\"height\":598,\"caption\":\"FIEAM\"},\"image\":{\"@id\":\"https:\/\/fieam.org.br\/fieam\/#\/schema\/logo\/image\/\"}},{\"@type\":\"Person\",\"@id\":\"https:\/\/fieam.org.br\/fieam\/#\/schema\/person\/c1ceda8321521b291cee22da0a7d34be\",\"name\":\"Autor\",\"image\":{\"@type\":\"ImageObject\",\"inLanguage\":\"pt-BR\",\"@id\":\"https:\/\/fieam.org.br\/fieam\/#\/schema\/person\/image\/\",\"url\":\"https:\/\/secure.gravatar.com\/avatar\/3732c223e0e1fad69062a8f770955c9068d37b055204f310a0be18d4069fe380?s=96&d=mm&r=g\",\"contentUrl\":\"https:\/\/secure.gravatar.com\/avatar\/3732c223e0e1fad69062a8f770955c9068d37b055204f310a0be18d4069fe380?s=96&d=mm&r=g\",\"caption\":\"Autor\"},\"sameAs\":[\"https:\/\/marketingmassivo.com.br\"],\"url\":\"https:\/\/fieam.org.br\/fieam\/author\/admin\/\"}]}<\/script>\n<!-- \/ Yoast SEO plugin. -->","yoast_head_json":{"title":"Desvaloriza\u00e7\u00e3o do real, alta do pre\u00e7o do \u00f3leo combust\u00edvel e greve dos caminhoneiros provocam aumento nos custos da ind\u00fastria - FIEAM","robots":{"index":"index","follow":"follow","max-snippet":"max-snippet:-1","max-image-preview":"max-image-preview:large","max-video-preview":"max-video-preview:-1"},"canonical":"https:\/\/fieam.org.br\/fieam\/desvalorizacao-do-real-alta-do-preco-do-oleo-combustivel-e-greve-dos-caminhoneiros-provocam-aumento-nos-custos-da-industria\/","og_locale":"pt_BR","og_type":"article","og_title":"Desvaloriza\u00e7\u00e3o do real, alta do pre\u00e7o do \u00f3leo combust\u00edvel e greve dos caminhoneiros provocam aumento nos custos da ind\u00fastria - FIEAM","og_description":"Apesar do maior crescimento dos custos desde o quarto trimestre de 2015, a ind\u00fastria manteve a lucratividade no segundo trimestre de 2018 &nbsp; &nbsp; O indicador de custos industriais apresentou crescimento de 3,7% no segundo trimestre de 2018 na compara\u00e7\u00e3o com o primeiro trimestre, na s\u00e9rie livre de efeitos sazonais. Foi o maior aumento registrado [&hellip;]","og_url":"https:\/\/fieam.org.br\/fieam\/desvalorizacao-do-real-alta-do-preco-do-oleo-combustivel-e-greve-dos-caminhoneiros-provocam-aumento-nos-custos-da-industria\/","og_site_name":"FIEAM","article_published_time":"2018-09-20T12:49:21+00:00","author":"Autor","twitter_card":"summary_large_image","twitter_misc":{"Escrito por":"Autor","Est. tempo de leitura":"3 minutos"},"schema":{"@context":"https:\/\/schema.org","@graph":[{"@type":"Article","@id":"https:\/\/fieam.org.br\/fieam\/desvalorizacao-do-real-alta-do-preco-do-oleo-combustivel-e-greve-dos-caminhoneiros-provocam-aumento-nos-custos-da-industria\/#article","isPartOf":{"@id":"https:\/\/fieam.org.br\/fieam\/desvalorizacao-do-real-alta-do-preco-do-oleo-combustivel-e-greve-dos-caminhoneiros-provocam-aumento-nos-custos-da-industria\/"},"author":{"name":"Autor","@id":"https:\/\/fieam.org.br\/fieam\/#\/schema\/person\/c1ceda8321521b291cee22da0a7d34be"},"headline":"Desvaloriza\u00e7\u00e3o do real, alta do pre\u00e7o do \u00f3leo combust\u00edvel e greve dos caminhoneiros provocam aumento nos custos da ind\u00fastria","datePublished":"2018-09-20T12:49:21+00:00","mainEntityOfPage":{"@id":"https:\/\/fieam.org.br\/fieam\/desvalorizacao-do-real-alta-do-preco-do-oleo-combustivel-e-greve-dos-caminhoneiros-provocam-aumento-nos-custos-da-industria\/"},"wordCount":540,"publisher":{"@id":"https:\/\/fieam.org.br\/fieam\/#organization"},"image":{"@id":"https:\/\/fieam.org.br\/fieam\/desvalorizacao-do-real-alta-do-preco-do-oleo-combustivel-e-greve-dos-caminhoneiros-provocam-aumento-nos-custos-da-industria\/#primaryimage"},"thumbnailUrl":"","articleSection":["Banner Destaque","News","News Destaque"],"inLanguage":"pt-BR"},{"@type":"WebPage","@id":"https:\/\/fieam.org.br\/fieam\/desvalorizacao-do-real-alta-do-preco-do-oleo-combustivel-e-greve-dos-caminhoneiros-provocam-aumento-nos-custos-da-industria\/","url":"https:\/\/fieam.org.br\/fieam\/desvalorizacao-do-real-alta-do-preco-do-oleo-combustivel-e-greve-dos-caminhoneiros-provocam-aumento-nos-custos-da-industria\/","name":"Desvaloriza\u00e7\u00e3o do real, alta do pre\u00e7o do \u00f3leo combust\u00edvel e greve dos caminhoneiros provocam aumento nos custos da ind\u00fastria - FIEAM","isPartOf":{"@id":"https:\/\/fieam.org.br\/fieam\/#website"},"primaryImageOfPage":{"@id":"https:\/\/fieam.org.br\/fieam\/desvalorizacao-do-real-alta-do-preco-do-oleo-combustivel-e-greve-dos-caminhoneiros-provocam-aumento-nos-custos-da-industria\/#primaryimage"},"image":{"@id":"https:\/\/fieam.org.br\/fieam\/desvalorizacao-do-real-alta-do-preco-do-oleo-combustivel-e-greve-dos-caminhoneiros-provocam-aumento-nos-custos-da-industria\/#primaryimage"},"thumbnailUrl":"","datePublished":"2018-09-20T12:49:21+00:00","breadcrumb":{"@id":"https:\/\/fieam.org.br\/fieam\/desvalorizacao-do-real-alta-do-preco-do-oleo-combustivel-e-greve-dos-caminhoneiros-provocam-aumento-nos-custos-da-industria\/#breadcrumb"},"inLanguage":"pt-BR","potentialAction":[{"@type":"ReadAction","target":["https:\/\/fieam.org.br\/fieam\/desvalorizacao-do-real-alta-do-preco-do-oleo-combustivel-e-greve-dos-caminhoneiros-provocam-aumento-nos-custos-da-industria\/"]}]},{"@type":"ImageObject","inLanguage":"pt-BR","@id":"https:\/\/fieam.org.br\/fieam\/desvalorizacao-do-real-alta-do-preco-do-oleo-combustivel-e-greve-dos-caminhoneiros-provocam-aumento-nos-custos-da-industria\/#primaryimage","url":"","contentUrl":""},{"@type":"BreadcrumbList","@id":"https:\/\/fieam.org.br\/fieam\/desvalorizacao-do-real-alta-do-preco-do-oleo-combustivel-e-greve-dos-caminhoneiros-provocam-aumento-nos-custos-da-industria\/#breadcrumb","itemListElement":[{"@type":"ListItem","position":1,"name":"In\u00edcio","item":"https:\/\/fieam.org.br\/fieam\/"},{"@type":"ListItem","position":2,"name":"Desvaloriza\u00e7\u00e3o do real, alta do pre\u00e7o do \u00f3leo combust\u00edvel e greve dos caminhoneiros provocam aumento nos custos da ind\u00fastria"}]},{"@type":"WebSite","@id":"https:\/\/fieam.org.br\/fieam\/#website","url":"https:\/\/fieam.org.br\/fieam\/","name":"FIEAM","description":"Site Oficial!","publisher":{"@id":"https:\/\/fieam.org.br\/fieam\/#organization"},"potentialAction":[{"@type":"SearchAction","target":{"@type":"EntryPoint","urlTemplate":"https:\/\/fieam.org.br\/fieam\/?s={search_term_string}"},"query-input":{"@type":"PropertyValueSpecification","valueRequired":true,"valueName":"search_term_string"}}],"inLanguage":"pt-BR"},{"@type":"Organization","@id":"https:\/\/fieam.org.br\/fieam\/#organization","name":"FIEAM","url":"https:\/\/fieam.org.br\/fieam\/","logo":{"@type":"ImageObject","inLanguage":"pt-BR","@id":"https:\/\/fieam.org.br\/fieam\/#\/schema\/logo\/image\/","url":"https:\/\/fieam.org.br\/fieam\/wp-content\/uploads\/sites\/9\/2024\/03\/cropped-fav.png","contentUrl":"https:\/\/fieam.org.br\/fieam\/wp-content\/uploads\/sites\/9\/2024\/03\/cropped-fav.png","width":597,"height":598,"caption":"FIEAM"},"image":{"@id":"https:\/\/fieam.org.br\/fieam\/#\/schema\/logo\/image\/"}},{"@type":"Person","@id":"https:\/\/fieam.org.br\/fieam\/#\/schema\/person\/c1ceda8321521b291cee22da0a7d34be","name":"Autor","image":{"@type":"ImageObject","inLanguage":"pt-BR","@id":"https:\/\/fieam.org.br\/fieam\/#\/schema\/person\/image\/","url":"https:\/\/secure.gravatar.com\/avatar\/3732c223e0e1fad69062a8f770955c9068d37b055204f310a0be18d4069fe380?s=96&d=mm&r=g","contentUrl":"https:\/\/secure.gravatar.com\/avatar\/3732c223e0e1fad69062a8f770955c9068d37b055204f310a0be18d4069fe380?s=96&d=mm&r=g","caption":"Autor"},"sameAs":["https:\/\/marketingmassivo.com.br"],"url":"https:\/\/fieam.org.br\/fieam\/author\/admin\/"}]}},"_links":{"self":[{"href":"https:\/\/fieam.org.br\/fieam\/wp-json\/wp\/v2\/posts\/11870","targetHints":{"allow":["GET"]}}],"collection":[{"href":"https:\/\/fieam.org.br\/fieam\/wp-json\/wp\/v2\/posts"}],"about":[{"href":"https:\/\/fieam.org.br\/fieam\/wp-json\/wp\/v2\/types\/post"}],"author":[{"embeddable":true,"href":"https:\/\/fieam.org.br\/fieam\/wp-json\/wp\/v2\/users\/1"}],"replies":[{"embeddable":true,"href":"https:\/\/fieam.org.br\/fieam\/wp-json\/wp\/v2\/comments?post=11870"}],"version-history":[{"count":0,"href":"https:\/\/fieam.org.br\/fieam\/wp-json\/wp\/v2\/posts\/11870\/revisions"}],"wp:featuredmedia":[{"embeddable":true,"href":"https:\/\/fieam.org.br\/fieam\/wp-json\/"}],"wp:attachment":[{"href":"https:\/\/fieam.org.br\/fieam\/wp-json\/wp\/v2\/media?parent=11870"}],"wp:term":[{"taxonomy":"category","embeddable":true,"href":"https:\/\/fieam.org.br\/fieam\/wp-json\/wp\/v2\/categories?post=11870"},{"taxonomy":"post_tag","embeddable":true,"href":"https:\/\/fieam.org.br\/fieam\/wp-json\/wp\/v2\/tags?post=11870"}],"curies":[{"name":"wp","href":"https:\/\/api.w.org\/{rel}","templated":true}]}}