{"id":11640,"date":"2018-06-26T16:30:53","date_gmt":"2018-06-26T20:30:53","guid":{"rendered":"http:\/\/www.fieam.org.br\/fieam\/?p=11640"},"modified":"2018-06-26T16:30:53","modified_gmt":"2018-06-26T20:30:53","slug":"75-dos-brasileiros-dizem-que-servicos-publicos-de-saude-sao-ruins-ou-pessimos-mostra-pesquisa-da-cni","status":"publish","type":"post","link":"https:\/\/fieam.org.br\/fieam\/75-dos-brasileiros-dizem-que-servicos-publicos-de-saude-sao-ruins-ou-pessimos-mostra-pesquisa-da-cni\/","title":{"rendered":"75% dos brasileiros dizem que servi\u00e7os p\u00fablicos de sa\u00fade s\u00e3o ruins ou p\u00e9ssimos, mostra pesquisa da CNI"},"content":{"rendered":"<p style=\"text-align: center\"><em>Dificuldade e demora no atendimento e falta de equipamentos s\u00e3o, na opini\u00e3o dos entrevistados, os principais problemas do sistema. Nota m\u00e9dia dos hospitais p\u00fablicos caiu para 4,6 neste ano<\/em><\/p>\n<p>&nbsp;<\/p>\n<p>A avalia\u00e7\u00e3o dos brasileiros sobre os servi\u00e7os p\u00fablicos de sa\u00fade piorou nos \u00faltimos sete anos. O n\u00famero de pessoas que considera a sa\u00fade p\u00fablica ruim ou p\u00e9ssima subiu de 61% em 2011 para 75% neste ano. A informa\u00e7\u00e3o \u00e9 da pesquisa\u00a0<a href=\"http:\/\/www.portaldaindustria.com.br\/cni\/estatisticas\/retratos-da-sociedade-brasileira\/\"><em>Retratos da Sociedade Brasileira \u2013 Sa\u00fade P\u00fablica<\/em><\/a>, divulgada pela\u00a0<a href=\"http:\/\/www.portaldaindustria.com.br\/cni\/\">Confedera\u00e7\u00e3o Nacional da Ind\u00fastria (CNI)<\/a>\u00a0nesta segunda-feira, 25 de junho. \u201cA melhoria dos servi\u00e7os de sa\u00fade \u00e9 importante para aumentar a qualidade de vida da popula\u00e7\u00e3o e a produtividade no trabalho\u201d, afirma o gerente-executivo de Pesquisa e Competitividade da CNI, Renato da Fonseca. Por isso, a sa\u00fade p\u00fablica \u00e9 um dos temas priorit\u00e1rios do Mapa Estrat\u00e9gico da Ind\u00fastria 2018-2022.<\/p>\n<p>Para os brasileiros, as dificuldades e a demora no atendimento, com 37% das cita\u00e7\u00f5es, \u00e9 o principal problema do sistema de sa\u00fade p\u00fablica. Em seguida, com 15% das men\u00e7\u00f5es, vem a falta de equipamentos. Em terceiro lugar, com 9% das respostas, a popula\u00e7\u00e3o cita a falta de m\u00e9dicos e, em quarto lugar, com 9% das men\u00e7\u00f5es, a m\u00e1 administra\u00e7\u00e3o ou a corrup\u00e7\u00e3o.<\/p>\n<p>A pesquisa mostra ainda que 64% da popula\u00e7\u00e3o usa principalmente ou somente os servi\u00e7os p\u00fablicos de sa\u00fade. Apenas 17% utilizam somente ou principalmente o servi\u00e7o privado. Uma queixa comum dos usu\u00e1rios de servi\u00e7os p\u00fablicos e privados \u00e9 a dificuldade de marcar hor\u00e1rios para consultas e exames m\u00e9dicos. Entre as pessoas que utilizam principalmente ou somente o servi\u00e7o p\u00fablico, 82% dizem que j\u00e1 deixaram de procurar um m\u00e9dico ou fazer um exame pela dificuldades de marcar o servi\u00e7o. Entre os que usam principalmente ou somente o servi\u00e7o privado, o n\u00famero \u00e9 de 71%.<\/p>\n<p>Al\u00e9m disso, a popula\u00e7\u00e3o deixa de cuidar da sa\u00fade por causa dos altos custos. Conforme a pesquisa, 73% dos brasileiros afirmam que j\u00e1 deixaram de procurar um m\u00e9dico, de fazer um exame ou de tomar medicamentos prescritos devido ao pre\u00e7o.<\/p>\n<p><strong>HOSPITAIS<\/strong>\u00a0\u2013 O n\u00famero de pessoas que usou alguns servi\u00e7o em hospital p\u00fablico nos \u00faltimos 12 meses subiu de 51% em 2011 para 65% neste ano. Os jovens s\u00e3o os que mais usam os hospitais p\u00fablicos. Entre as pessoas que t\u00eam de 16 a 24 anos de idade, 72% usaram esse servi\u00e7o nos \u00faltimos 12 meses. Entre os que t\u00eam 55 anos ou mais de idade, o n\u00famero cai para 57%. \u201cIsso pode estar relacionado ao fato de os mais jovens procurarem mais os servi\u00e7os de sa\u00fade para cuidados com ferimentos, dor ou doen\u00e7a, cujo atendimento mais frequentemente ocorre em hospitais. A popula\u00e7\u00e3o mais idosa, por sua vez, busca mais exames cl\u00ednicos e tratamento regular de algum problema de sa\u00fade que podem ser disponibilizados em cl\u00ednicas, postos de sa\u00fade e ambulat\u00f3rios\u201d, analisa a CNI.<\/p>\n<p>No entanto, a avalia\u00e7\u00e3o dos servi\u00e7os dos hospitais piorou nos \u00faltimos sete anos. Na escala de zero a dez, a nota m\u00e9dia dada a todos os pontos da estrutura dos hospitais caiu de 5,7 em 2011 para 4,6 em 2018. A pior nota, de 3,2, foi conferida aos tempo de espera para atendimento ou interna\u00e7\u00e3o. A melhor nota, de 5,6, foi atribu\u00edda \u00e0s condi\u00e7\u00f5es de limpeza e manuten\u00e7\u00e3o.<\/p>\n<p>Tamb\u00e9m piorou a nota dada pela popula\u00e7\u00e3o aos recursos humanos dos hospitais p\u00fablicos. A m\u00e9dia caiu de 6,3 em 2011 para 5,5 neste ano. Entre os itens melhores avaliados est\u00e3o a compet\u00eancia e o conhecimento dos m\u00e9dicos, que recebeu nota 6,3 em 2018. A pior nota, de 4,3, foi conferida \u00e0 quantidade de m\u00e9dicos.<\/p>\n<p><strong>COMO MELHORAR OS SERVI\u00c7OS<\/strong>\u00a0\u2013\u00a0 A pesquisa mostra ainda quais s\u00e3o as a\u00e7\u00f5es necess\u00e1rias para melhorar a sa\u00fade p\u00fablica. A principal medida, com 59% das respostas, \u00e9 equipar hospitais e postos de sa\u00fade. Em seguida, com 52% das men\u00e7\u00f5es, a popula\u00e7\u00e3o sugere\u00a0 aumentar o n\u00famero de m\u00e9dicos. \u201cAs solu\u00e7\u00f5es mais citadas pelos brasileiros s\u00e3o coerentes com os problemas mais citados, que s\u00e3o relacionados \u00e0 dificuldade de atendimento\u201d, avalia a CNI.<\/p>\n<p>Outro ponto importante \u00e9 a capacita\u00e7\u00e3o em gest\u00e3o dos diretores de hospitais. Quase a totalidade da popula\u00e7\u00e3o (91%) concorda totalmente ou em parte que os diretores de hospitais devem ter forma\u00e7\u00e3o espec\u00edfica em administra\u00e7\u00e3o ou gest\u00e3o.<\/p>\n<p><strong>PREVEN\u00c7\u00c3O \u2013<\/strong>\u00a0Mas a popula\u00e7\u00e3o acredita que os investimentos em a\u00e7\u00f5es de preven\u00e7\u00e3o \u00e0s doen\u00e7as s\u00e3o mais importantes do que a constru\u00e7\u00e3o de hospitais. Entre os entrevistados, 75% concordam total ou parcialmente que pol\u00edticas preventivas, como vacina\u00e7\u00e3o, orienta\u00e7\u00e3o e controle de doen\u00e7as cr\u00f4nicas s\u00e3o mais importantes para melhorar a sa\u00fade da popula\u00e7\u00e3o do que a constru\u00e7\u00e3o de hospitais.<\/p>\n<p>Al\u00e9m disso, 75% dos brasileiros concordam total ou parcialmente que \u00e9 melhor o paciente ser sempre atendido pelo cl\u00ednico geral ou o m\u00e9dico do programa de sa\u00fade da fam\u00edlia antes de um especialista.<\/p>\n<p>De acordo com o levantamento,\u00a0 entre os programas p\u00fablicos de sa\u00fade, a vacina\u00e7\u00e3o e a Farm\u00e1cia Popular s\u00e3o os mais conhecidos e os mais usados pela popula\u00e7\u00e3o. Entre os entrevistados 78% utilizaram a vacina\u00e7\u00e3o pelo menos uma vez na vida, e 62% citaram a Farm\u00e1cia Popular. Em seguida, foram citadas as Unidades de Pronto Atendimento (53%), o programa de combate \u00e0 dengue\/zica\/chicungunha (49%) e o Programa Nacional de Triagem Neonatal, o teste do pezinho (46%).<\/p>\n<p>Os programas com as melhores avalia\u00e7\u00f5es s\u00e3o as campanhas de vacina\u00e7\u00e3o, cuja nota foi de 8,1, em uma escala de um a dez, e o teste do pezinho, com nota m\u00e9dia de 7,8. Em seguida, com 7,3, vem o combate \u00e0 febre amarela. O pior avaliado \u00e9 o programa de sa\u00fade bucal Brasil Sorridente, que obteve nota m\u00e9dia de 5,7.<\/p>\n<p>A pesquisa ouviu 2 mil pessoas me 126 munic\u00edpios entre os dias 2 e 25 de mar\u00e7o deste ano.<\/p>\n<p>&nbsp;<\/p>\n<p><strong>ATENDIMENTO \u00c0 IMPRENSA<br \/>\nSuperintend\u00eancia de Jornalismo da CNI<\/strong><\/p>\n<p>(61) 3317-9578 \/ 9895<br \/>\n<a href=\"mailto:imprensa@cni.org.br\">imprensa@cni.com.br<\/a><\/p>\n<p><strong>SITE<\/strong><br \/>\n<a href=\"https:\/\/app.workr.com.br\/LinkOpen.aspx?mid=af2af379-d494-4a15-93bc-6a1e9de08a95&amp;lid=l3F\/6PRlspEfYCFK5XBNIw==\">http:\/\/www.portaldaindustria.com.br\/<\/a><\/p>\n<p><strong>REDES SOCIAIS<\/strong><br \/>\n<a href=\"https:\/\/app.workr.com.br\/LinkOpen.aspx?mid=af2af379-d494-4a15-93bc-6a1e9de08a95&amp;lid=RfCCwsPEqHLMfZZVp9lOoA==\">https:\/\/twitter.com\/CNI_br<\/a><br \/>\n<a href=\"https:\/\/app.workr.com.br\/LinkOpen.aspx?mid=af2af379-d494-4a15-93bc-6a1e9de08a95&amp;lid=0OUT2PyMN70tsQMsCsqCmQ==\">https:\/\/www.facebook.com\/cnibrasil<\/a><br \/>\n<a href=\"https:\/\/app.workr.com.br\/LinkOpen.aspx?mid=af2af379-d494-4a15-93bc-6a1e9de08a95&amp;lid=OIBBmj9oSP0YBxURbQObLQ==\">http:\/\/www.youtube.com\/user\/cniweb<\/a><\/p>\n<p><strong>IMAGENS<\/strong><br \/>\n<a href=\"https:\/\/app.workr.com.br\/LinkOpen.aspx?mid=af2af379-d494-4a15-93bc-6a1e9de08a95&amp;lid=DMTnzIVSDvot1XkW1si4ww==\">https:\/\/www.flickr.com\/photos\/cniweb\/<\/a><\/p>\n","protected":false},"excerpt":{"rendered":"<p>Dificuldade e demora no atendimento e falta de equipamentos s\u00e3o, na opini\u00e3o dos entrevistados, os principais problemas do sistema. Nota m\u00e9dia dos hospitais p\u00fablicos caiu para 4,6 neste ano &nbsp; A avalia\u00e7\u00e3o dos brasileiros sobre os servi\u00e7os p\u00fablicos de sa\u00fade piorou nos \u00faltimos sete anos. O n\u00famero de pessoas que considera a sa\u00fade p\u00fablica ruim [&hellip;]<\/p>\n","protected":false},"author":1,"featured_media":11641,"comment_status":"closed","ping_status":"open","sticky":false,"template":"","format":"standard","meta":{"footnotes":""},"categories":[28,29,30],"tags":[],"class_list":["post-11640","post","type-post","status-publish","format-standard","has-post-thumbnail","hentry","category-banner-destaque","category-news","category-news_destaque"],"yoast_head":"<!-- This site is optimized with the Yoast SEO plugin v26.8 - https:\/\/yoast.com\/product\/yoast-seo-wordpress\/ -->\n<title>75% dos brasileiros dizem que servi\u00e7os p\u00fablicos de sa\u00fade s\u00e3o ruins ou p\u00e9ssimos, mostra pesquisa da CNI - FIEAM<\/title>\n<meta name=\"robots\" content=\"index, follow, max-snippet:-1, max-image-preview:large, max-video-preview:-1\" \/>\n<link rel=\"canonical\" href=\"https:\/\/fieam.org.br\/fieam\/75-dos-brasileiros-dizem-que-servicos-publicos-de-saude-sao-ruins-ou-pessimos-mostra-pesquisa-da-cni\/\" \/>\n<meta property=\"og:locale\" content=\"pt_BR\" \/>\n<meta property=\"og:type\" content=\"article\" \/>\n<meta property=\"og:title\" content=\"75% dos brasileiros dizem que servi\u00e7os p\u00fablicos de sa\u00fade s\u00e3o ruins ou p\u00e9ssimos, mostra pesquisa da CNI - FIEAM\" \/>\n<meta property=\"og:description\" content=\"Dificuldade e demora no atendimento e falta de equipamentos s\u00e3o, na opini\u00e3o dos entrevistados, os principais problemas do sistema. Nota m\u00e9dia dos hospitais p\u00fablicos caiu para 4,6 neste ano &nbsp; A avalia\u00e7\u00e3o dos brasileiros sobre os servi\u00e7os p\u00fablicos de sa\u00fade piorou nos \u00faltimos sete anos. O n\u00famero de pessoas que considera a sa\u00fade p\u00fablica ruim [&hellip;]\" \/>\n<meta property=\"og:url\" content=\"https:\/\/fieam.org.br\/fieam\/75-dos-brasileiros-dizem-que-servicos-publicos-de-saude-sao-ruins-ou-pessimos-mostra-pesquisa-da-cni\/\" \/>\n<meta property=\"og:site_name\" content=\"FIEAM\" \/>\n<meta property=\"article:published_time\" content=\"2018-06-26T20:30:53+00:00\" \/>\n<meta name=\"author\" content=\"Autor\" \/>\n<meta name=\"twitter:card\" content=\"summary_large_image\" \/>\n<meta name=\"twitter:label1\" content=\"Escrito por\" \/>\n\t<meta name=\"twitter:data1\" content=\"Autor\" \/>\n\t<meta name=\"twitter:label2\" content=\"Est. tempo de leitura\" \/>\n\t<meta name=\"twitter:data2\" content=\"5 minutos\" \/>\n<script type=\"application\/ld+json\" class=\"yoast-schema-graph\">{\"@context\":\"https:\/\/schema.org\",\"@graph\":[{\"@type\":\"Article\",\"@id\":\"https:\/\/fieam.org.br\/fieam\/75-dos-brasileiros-dizem-que-servicos-publicos-de-saude-sao-ruins-ou-pessimos-mostra-pesquisa-da-cni\/#article\",\"isPartOf\":{\"@id\":\"https:\/\/fieam.org.br\/fieam\/75-dos-brasileiros-dizem-que-servicos-publicos-de-saude-sao-ruins-ou-pessimos-mostra-pesquisa-da-cni\/\"},\"author\":{\"name\":\"Autor\",\"@id\":\"https:\/\/fieam.org.br\/fieam\/#\/schema\/person\/c1ceda8321521b291cee22da0a7d34be\"},\"headline\":\"75% dos brasileiros dizem que servi\u00e7os p\u00fablicos de sa\u00fade s\u00e3o ruins ou p\u00e9ssimos, mostra pesquisa da CNI\",\"datePublished\":\"2018-06-26T20:30:53+00:00\",\"mainEntityOfPage\":{\"@id\":\"https:\/\/fieam.org.br\/fieam\/75-dos-brasileiros-dizem-que-servicos-publicos-de-saude-sao-ruins-ou-pessimos-mostra-pesquisa-da-cni\/\"},\"wordCount\":1082,\"publisher\":{\"@id\":\"https:\/\/fieam.org.br\/fieam\/#organization\"},\"image\":{\"@id\":\"https:\/\/fieam.org.br\/fieam\/75-dos-brasileiros-dizem-que-servicos-publicos-de-saude-sao-ruins-ou-pessimos-mostra-pesquisa-da-cni\/#primaryimage\"},\"thumbnailUrl\":\"\",\"articleSection\":[\"Banner Destaque\",\"News\",\"News Destaque\"],\"inLanguage\":\"pt-BR\"},{\"@type\":\"WebPage\",\"@id\":\"https:\/\/fieam.org.br\/fieam\/75-dos-brasileiros-dizem-que-servicos-publicos-de-saude-sao-ruins-ou-pessimos-mostra-pesquisa-da-cni\/\",\"url\":\"https:\/\/fieam.org.br\/fieam\/75-dos-brasileiros-dizem-que-servicos-publicos-de-saude-sao-ruins-ou-pessimos-mostra-pesquisa-da-cni\/\",\"name\":\"75% dos brasileiros dizem que servi\u00e7os p\u00fablicos de sa\u00fade s\u00e3o ruins ou p\u00e9ssimos, mostra pesquisa da CNI - FIEAM\",\"isPartOf\":{\"@id\":\"https:\/\/fieam.org.br\/fieam\/#website\"},\"primaryImageOfPage\":{\"@id\":\"https:\/\/fieam.org.br\/fieam\/75-dos-brasileiros-dizem-que-servicos-publicos-de-saude-sao-ruins-ou-pessimos-mostra-pesquisa-da-cni\/#primaryimage\"},\"image\":{\"@id\":\"https:\/\/fieam.org.br\/fieam\/75-dos-brasileiros-dizem-que-servicos-publicos-de-saude-sao-ruins-ou-pessimos-mostra-pesquisa-da-cni\/#primaryimage\"},\"thumbnailUrl\":\"\",\"datePublished\":\"2018-06-26T20:30:53+00:00\",\"breadcrumb\":{\"@id\":\"https:\/\/fieam.org.br\/fieam\/75-dos-brasileiros-dizem-que-servicos-publicos-de-saude-sao-ruins-ou-pessimos-mostra-pesquisa-da-cni\/#breadcrumb\"},\"inLanguage\":\"pt-BR\",\"potentialAction\":[{\"@type\":\"ReadAction\",\"target\":[\"https:\/\/fieam.org.br\/fieam\/75-dos-brasileiros-dizem-que-servicos-publicos-de-saude-sao-ruins-ou-pessimos-mostra-pesquisa-da-cni\/\"]}]},{\"@type\":\"ImageObject\",\"inLanguage\":\"pt-BR\",\"@id\":\"https:\/\/fieam.org.br\/fieam\/75-dos-brasileiros-dizem-que-servicos-publicos-de-saude-sao-ruins-ou-pessimos-mostra-pesquisa-da-cni\/#primaryimage\",\"url\":\"\",\"contentUrl\":\"\"},{\"@type\":\"BreadcrumbList\",\"@id\":\"https:\/\/fieam.org.br\/fieam\/75-dos-brasileiros-dizem-que-servicos-publicos-de-saude-sao-ruins-ou-pessimos-mostra-pesquisa-da-cni\/#breadcrumb\",\"itemListElement\":[{\"@type\":\"ListItem\",\"position\":1,\"name\":\"In\u00edcio\",\"item\":\"https:\/\/fieam.org.br\/fieam\/\"},{\"@type\":\"ListItem\",\"position\":2,\"name\":\"75% dos brasileiros dizem que servi\u00e7os p\u00fablicos de sa\u00fade s\u00e3o ruins ou p\u00e9ssimos, mostra pesquisa da CNI\"}]},{\"@type\":\"WebSite\",\"@id\":\"https:\/\/fieam.org.br\/fieam\/#website\",\"url\":\"https:\/\/fieam.org.br\/fieam\/\",\"name\":\"FIEAM\",\"description\":\"Site Oficial!\",\"publisher\":{\"@id\":\"https:\/\/fieam.org.br\/fieam\/#organization\"},\"potentialAction\":[{\"@type\":\"SearchAction\",\"target\":{\"@type\":\"EntryPoint\",\"urlTemplate\":\"https:\/\/fieam.org.br\/fieam\/?s={search_term_string}\"},\"query-input\":{\"@type\":\"PropertyValueSpecification\",\"valueRequired\":true,\"valueName\":\"search_term_string\"}}],\"inLanguage\":\"pt-BR\"},{\"@type\":\"Organization\",\"@id\":\"https:\/\/fieam.org.br\/fieam\/#organization\",\"name\":\"FIEAM\",\"url\":\"https:\/\/fieam.org.br\/fieam\/\",\"logo\":{\"@type\":\"ImageObject\",\"inLanguage\":\"pt-BR\",\"@id\":\"https:\/\/fieam.org.br\/fieam\/#\/schema\/logo\/image\/\",\"url\":\"https:\/\/fieam.org.br\/fieam\/wp-content\/uploads\/sites\/9\/2024\/03\/cropped-fav.png\",\"contentUrl\":\"https:\/\/fieam.org.br\/fieam\/wp-content\/uploads\/sites\/9\/2024\/03\/cropped-fav.png\",\"width\":597,\"height\":598,\"caption\":\"FIEAM\"},\"image\":{\"@id\":\"https:\/\/fieam.org.br\/fieam\/#\/schema\/logo\/image\/\"}},{\"@type\":\"Person\",\"@id\":\"https:\/\/fieam.org.br\/fieam\/#\/schema\/person\/c1ceda8321521b291cee22da0a7d34be\",\"name\":\"Autor\",\"image\":{\"@type\":\"ImageObject\",\"inLanguage\":\"pt-BR\",\"@id\":\"https:\/\/fieam.org.br\/fieam\/#\/schema\/person\/image\/\",\"url\":\"https:\/\/secure.gravatar.com\/avatar\/3732c223e0e1fad69062a8f770955c9068d37b055204f310a0be18d4069fe380?s=96&d=mm&r=g\",\"contentUrl\":\"https:\/\/secure.gravatar.com\/avatar\/3732c223e0e1fad69062a8f770955c9068d37b055204f310a0be18d4069fe380?s=96&d=mm&r=g\",\"caption\":\"Autor\"},\"sameAs\":[\"https:\/\/marketingmassivo.com.br\"],\"url\":\"https:\/\/fieam.org.br\/fieam\/author\/admin\/\"}]}<\/script>\n<!-- \/ Yoast SEO plugin. -->","yoast_head_json":{"title":"75% dos brasileiros dizem que servi\u00e7os p\u00fablicos de sa\u00fade s\u00e3o ruins ou p\u00e9ssimos, mostra pesquisa da CNI - FIEAM","robots":{"index":"index","follow":"follow","max-snippet":"max-snippet:-1","max-image-preview":"max-image-preview:large","max-video-preview":"max-video-preview:-1"},"canonical":"https:\/\/fieam.org.br\/fieam\/75-dos-brasileiros-dizem-que-servicos-publicos-de-saude-sao-ruins-ou-pessimos-mostra-pesquisa-da-cni\/","og_locale":"pt_BR","og_type":"article","og_title":"75% dos brasileiros dizem que servi\u00e7os p\u00fablicos de sa\u00fade s\u00e3o ruins ou p\u00e9ssimos, mostra pesquisa da CNI - FIEAM","og_description":"Dificuldade e demora no atendimento e falta de equipamentos s\u00e3o, na opini\u00e3o dos entrevistados, os principais problemas do sistema. Nota m\u00e9dia dos hospitais p\u00fablicos caiu para 4,6 neste ano &nbsp; A avalia\u00e7\u00e3o dos brasileiros sobre os servi\u00e7os p\u00fablicos de sa\u00fade piorou nos \u00faltimos sete anos. O n\u00famero de pessoas que considera a sa\u00fade p\u00fablica ruim [&hellip;]","og_url":"https:\/\/fieam.org.br\/fieam\/75-dos-brasileiros-dizem-que-servicos-publicos-de-saude-sao-ruins-ou-pessimos-mostra-pesquisa-da-cni\/","og_site_name":"FIEAM","article_published_time":"2018-06-26T20:30:53+00:00","author":"Autor","twitter_card":"summary_large_image","twitter_misc":{"Escrito por":"Autor","Est. tempo de leitura":"5 minutos"},"schema":{"@context":"https:\/\/schema.org","@graph":[{"@type":"Article","@id":"https:\/\/fieam.org.br\/fieam\/75-dos-brasileiros-dizem-que-servicos-publicos-de-saude-sao-ruins-ou-pessimos-mostra-pesquisa-da-cni\/#article","isPartOf":{"@id":"https:\/\/fieam.org.br\/fieam\/75-dos-brasileiros-dizem-que-servicos-publicos-de-saude-sao-ruins-ou-pessimos-mostra-pesquisa-da-cni\/"},"author":{"name":"Autor","@id":"https:\/\/fieam.org.br\/fieam\/#\/schema\/person\/c1ceda8321521b291cee22da0a7d34be"},"headline":"75% dos brasileiros dizem que servi\u00e7os p\u00fablicos de sa\u00fade s\u00e3o ruins ou p\u00e9ssimos, mostra pesquisa da CNI","datePublished":"2018-06-26T20:30:53+00:00","mainEntityOfPage":{"@id":"https:\/\/fieam.org.br\/fieam\/75-dos-brasileiros-dizem-que-servicos-publicos-de-saude-sao-ruins-ou-pessimos-mostra-pesquisa-da-cni\/"},"wordCount":1082,"publisher":{"@id":"https:\/\/fieam.org.br\/fieam\/#organization"},"image":{"@id":"https:\/\/fieam.org.br\/fieam\/75-dos-brasileiros-dizem-que-servicos-publicos-de-saude-sao-ruins-ou-pessimos-mostra-pesquisa-da-cni\/#primaryimage"},"thumbnailUrl":"","articleSection":["Banner Destaque","News","News Destaque"],"inLanguage":"pt-BR"},{"@type":"WebPage","@id":"https:\/\/fieam.org.br\/fieam\/75-dos-brasileiros-dizem-que-servicos-publicos-de-saude-sao-ruins-ou-pessimos-mostra-pesquisa-da-cni\/","url":"https:\/\/fieam.org.br\/fieam\/75-dos-brasileiros-dizem-que-servicos-publicos-de-saude-sao-ruins-ou-pessimos-mostra-pesquisa-da-cni\/","name":"75% dos brasileiros dizem que servi\u00e7os p\u00fablicos de sa\u00fade s\u00e3o ruins ou p\u00e9ssimos, mostra pesquisa da CNI - FIEAM","isPartOf":{"@id":"https:\/\/fieam.org.br\/fieam\/#website"},"primaryImageOfPage":{"@id":"https:\/\/fieam.org.br\/fieam\/75-dos-brasileiros-dizem-que-servicos-publicos-de-saude-sao-ruins-ou-pessimos-mostra-pesquisa-da-cni\/#primaryimage"},"image":{"@id":"https:\/\/fieam.org.br\/fieam\/75-dos-brasileiros-dizem-que-servicos-publicos-de-saude-sao-ruins-ou-pessimos-mostra-pesquisa-da-cni\/#primaryimage"},"thumbnailUrl":"","datePublished":"2018-06-26T20:30:53+00:00","breadcrumb":{"@id":"https:\/\/fieam.org.br\/fieam\/75-dos-brasileiros-dizem-que-servicos-publicos-de-saude-sao-ruins-ou-pessimos-mostra-pesquisa-da-cni\/#breadcrumb"},"inLanguage":"pt-BR","potentialAction":[{"@type":"ReadAction","target":["https:\/\/fieam.org.br\/fieam\/75-dos-brasileiros-dizem-que-servicos-publicos-de-saude-sao-ruins-ou-pessimos-mostra-pesquisa-da-cni\/"]}]},{"@type":"ImageObject","inLanguage":"pt-BR","@id":"https:\/\/fieam.org.br\/fieam\/75-dos-brasileiros-dizem-que-servicos-publicos-de-saude-sao-ruins-ou-pessimos-mostra-pesquisa-da-cni\/#primaryimage","url":"","contentUrl":""},{"@type":"BreadcrumbList","@id":"https:\/\/fieam.org.br\/fieam\/75-dos-brasileiros-dizem-que-servicos-publicos-de-saude-sao-ruins-ou-pessimos-mostra-pesquisa-da-cni\/#breadcrumb","itemListElement":[{"@type":"ListItem","position":1,"name":"In\u00edcio","item":"https:\/\/fieam.org.br\/fieam\/"},{"@type":"ListItem","position":2,"name":"75% dos brasileiros dizem que servi\u00e7os p\u00fablicos de sa\u00fade s\u00e3o ruins ou p\u00e9ssimos, mostra pesquisa da CNI"}]},{"@type":"WebSite","@id":"https:\/\/fieam.org.br\/fieam\/#website","url":"https:\/\/fieam.org.br\/fieam\/","name":"FIEAM","description":"Site Oficial!","publisher":{"@id":"https:\/\/fieam.org.br\/fieam\/#organization"},"potentialAction":[{"@type":"SearchAction","target":{"@type":"EntryPoint","urlTemplate":"https:\/\/fieam.org.br\/fieam\/?s={search_term_string}"},"query-input":{"@type":"PropertyValueSpecification","valueRequired":true,"valueName":"search_term_string"}}],"inLanguage":"pt-BR"},{"@type":"Organization","@id":"https:\/\/fieam.org.br\/fieam\/#organization","name":"FIEAM","url":"https:\/\/fieam.org.br\/fieam\/","logo":{"@type":"ImageObject","inLanguage":"pt-BR","@id":"https:\/\/fieam.org.br\/fieam\/#\/schema\/logo\/image\/","url":"https:\/\/fieam.org.br\/fieam\/wp-content\/uploads\/sites\/9\/2024\/03\/cropped-fav.png","contentUrl":"https:\/\/fieam.org.br\/fieam\/wp-content\/uploads\/sites\/9\/2024\/03\/cropped-fav.png","width":597,"height":598,"caption":"FIEAM"},"image":{"@id":"https:\/\/fieam.org.br\/fieam\/#\/schema\/logo\/image\/"}},{"@type":"Person","@id":"https:\/\/fieam.org.br\/fieam\/#\/schema\/person\/c1ceda8321521b291cee22da0a7d34be","name":"Autor","image":{"@type":"ImageObject","inLanguage":"pt-BR","@id":"https:\/\/fieam.org.br\/fieam\/#\/schema\/person\/image\/","url":"https:\/\/secure.gravatar.com\/avatar\/3732c223e0e1fad69062a8f770955c9068d37b055204f310a0be18d4069fe380?s=96&d=mm&r=g","contentUrl":"https:\/\/secure.gravatar.com\/avatar\/3732c223e0e1fad69062a8f770955c9068d37b055204f310a0be18d4069fe380?s=96&d=mm&r=g","caption":"Autor"},"sameAs":["https:\/\/marketingmassivo.com.br"],"url":"https:\/\/fieam.org.br\/fieam\/author\/admin\/"}]}},"_links":{"self":[{"href":"https:\/\/fieam.org.br\/fieam\/wp-json\/wp\/v2\/posts\/11640","targetHints":{"allow":["GET"]}}],"collection":[{"href":"https:\/\/fieam.org.br\/fieam\/wp-json\/wp\/v2\/posts"}],"about":[{"href":"https:\/\/fieam.org.br\/fieam\/wp-json\/wp\/v2\/types\/post"}],"author":[{"embeddable":true,"href":"https:\/\/fieam.org.br\/fieam\/wp-json\/wp\/v2\/users\/1"}],"replies":[{"embeddable":true,"href":"https:\/\/fieam.org.br\/fieam\/wp-json\/wp\/v2\/comments?post=11640"}],"version-history":[{"count":0,"href":"https:\/\/fieam.org.br\/fieam\/wp-json\/wp\/v2\/posts\/11640\/revisions"}],"wp:featuredmedia":[{"embeddable":true,"href":"https:\/\/fieam.org.br\/fieam\/wp-json\/"}],"wp:attachment":[{"href":"https:\/\/fieam.org.br\/fieam\/wp-json\/wp\/v2\/media?parent=11640"}],"wp:term":[{"taxonomy":"category","embeddable":true,"href":"https:\/\/fieam.org.br\/fieam\/wp-json\/wp\/v2\/categories?post=11640"},{"taxonomy":"post_tag","embeddable":true,"href":"https:\/\/fieam.org.br\/fieam\/wp-json\/wp\/v2\/tags?post=11640"}],"curies":[{"name":"wp","href":"https:\/\/api.w.org\/{rel}","templated":true}]}}