{"id":11601,"date":"2018-06-14T16:05:03","date_gmt":"2018-06-14T20:05:03","guid":{"rendered":"http:\/\/www.fieam.org.br\/fieam\/?p=11601"},"modified":"2018-06-14T16:05:03","modified_gmt":"2018-06-14T20:05:03","slug":"amazonas-tem-alunos-do-senai-na-seletiva-worldskills","status":"publish","type":"post","link":"https:\/\/fieam.org.br\/fieam\/amazonas-tem-alunos-do-senai-na-seletiva-worldskills\/","title":{"rendered":"Amazonas tem alunos do SENAI na seletiva Worldskills"},"content":{"rendered":"<p>Alunos do SENAI Amazonas, Matheus Oliveira, 21 anos e Nadia Martins, 18, participam de seletiva para a maior competi\u00e7\u00e3o de educa\u00e7\u00e3o profissional do mundo, a Worldskills Kazan 2019, na R\u00fassia. A dupla vai competir na ocupa\u00e7\u00e3o de Mecatr\u00f4nica nos dias 12 a 17 de agosto em Fortaleza (CE).<\/p>\n<p>Em prepara\u00e7\u00e3o desde julho, a dupla foi selecionada por meio de simulados e seletivas na fase escolar do SENAI Amazonas. Os dois escolhidos j\u00e1 realizaram em maio simulados no SENAI Bahia, em Salvador, com representantes do estado baiano e do Rio Grande do Sul.<\/p>\n<figure id=\"attachment_11604\" aria-describedby=\"caption-attachment-11604\" style=\"width: 443px\" class=\"wp-caption alignleft\"><a href=\"http:\/\/www.fieam.org.br\/fieam\/wp-content\/uploads\/sites\/5\/2018\/06\/Matheus-Oliveira-\u00e9-ex-aluno-do-curso-t\u00e9cnico-em-mecatr\u00f4nica-do-SENAI-Amazonas-com-conclus\u00e3o-em-2017.jpeg\"><img fetchpriority=\"high\" decoding=\"async\" class=\" wp-image-11604\" src=\"http:\/\/www.fieam.org.br\/fieam\/wp-content\/uploads\/sites\/5\/2018\/06\/Matheus-Oliveira-\u00e9-ex-aluno-do-curso-t\u00e9cnico-em-mecatr\u00f4nica-do-SENAI-Amazonas-com-conclus\u00e3o-em-2017-300x200.jpeg\" alt=\"\" width=\"443\" height=\"295\" \/><\/a><figcaption id=\"caption-attachment-11604\" class=\"wp-caption-text\">Matheus Oliveira \u00e9 ex-aluno do curso t\u00e9cnico em mecatr\u00f4nica do SENAI Amazonas, com conclus\u00e3o em 2017<\/figcaption><\/figure>\n<p>\u201cPelos resultados at\u00e9 ent\u00e3o alcan\u00e7ados, podemos afirmar que temos uma dupla muito forte, no entanto, no treinamento em si n\u00e3o se desenvolve s\u00f3 a t\u00e9cnica, o nosso principal desafio \u00e9 desenvolver o emocional dos alunos\u201d, disse o avaliador da ocupa\u00e7\u00e3o mecatr\u00f4nica do Amazonas, Marcos Alexandre.<\/p>\n<p>Com o aux\u00edlio do expert do Brasil na ocupa\u00e7\u00e3o, Ademir Bassanesi, a dupla est\u00e1 desenvolvendo sess\u00f5es de <em>coaching<\/em> para driblar o emocional e melhorar o desempenho na reta final at\u00e9 a seletiva em agosto. \u201cNosso principal desafio \u00e9 esse, pois precisamos desenvolv\u00ea-los em v\u00e1rias \u00e1reas \u2018n\u00e3o t\u00e9cnicas\u2019 que, querendo ou n\u00e3o, podem afetar no desempenho em prova\u201d, destaca o avaliador.<\/p>\n<p>Os competidores do SENAI Amazonas s\u00e3o ex-alunos dos cursos t\u00e9cnicos de Mecatr\u00f4nica e Automa\u00e7\u00e3o Industrial da Escola SENAI Ant\u00f4nio Sim\u00f5es (ESAS) e foram indicados por professores do curso para trabalhar na ocupa\u00e7\u00e3o que re\u00fane programa\u00e7\u00e3o, automa\u00e7\u00e3o e alta tecnologia em linhas de montagem.<\/p>\n<p>\u201cOs professores de Mecatr\u00f4nica me mostraram como funcionava a competi\u00e7\u00e3o e me deixaram curioso em participar. Gosto da parte de programa\u00e7\u00e3o, do CLP (Controle L\u00f3gico Program\u00e1vel), da complexidade e ao mesmo tempo da simplicidade que envolve e torna tudo isso fascinante\u201d, disse o competidor do SENAI Amazonas em Mecatr\u00f4nica, Matheus Oliveira.<\/p>\n<p>Confiante para a seletiva junto \u00e0 parceira de prova, Nadia Martins, Oliveira destaca como diferencial da dupla o conhecido t\u00e9cnico aprofundado em mecatr\u00f4nica e automa\u00e7\u00e3o, fruto dos cursos t\u00e9cnicos realizados por eles dentro do SENAI.<\/p>\n<figure id=\"attachment_11605\" aria-describedby=\"caption-attachment-11605\" style=\"width: 434px\" class=\"wp-caption alignright\"><a href=\"http:\/\/www.fieam.org.br\/fieam\/wp-content\/uploads\/sites\/5\/2018\/06\/Com-o-conhecimento-no-curso-t\u00e9cnico-em-automa\u00e7\u00e3o-industrial-a-ex-aluna-Nadia-Martins-\u00e9-respons\u00e1vel-pela-parte-do-Software-na-dupla.jpeg\"><img decoding=\"async\" class=\" wp-image-11605\" src=\"http:\/\/www.fieam.org.br\/fieam\/wp-content\/uploads\/sites\/5\/2018\/06\/Com-o-conhecimento-no-curso-t\u00e9cnico-em-automa\u00e7\u00e3o-industrial-a-ex-aluna-Nadia-Martins-\u00e9-respons\u00e1vel-pela-parte-do-Software-na-dupla-300x200.jpeg\" alt=\"\" width=\"434\" height=\"289\" \/><\/a><figcaption id=\"caption-attachment-11605\" class=\"wp-caption-text\">Com o conhecimento no curso t\u00e9cnico em automa\u00e7\u00e3o industrial, a ex-aluna Nadia Martins, \u00e9 respons\u00e1vel pela parte do Software na dupla<\/figcaption><\/figure>\n<p>\u201cEu e o Matheus somos bons em problemas l\u00f3gicos, o que percebemos ser um bom ponto em rela\u00e7\u00e3o ao tipo de prova que costumamos fazer e que temos certeza ser o tipo de prova da seletiva. Para melhorar o nosso desempenho, atualmente estamos trabalhando a nossa velocidade durante a montagem de alguns quesitos da prova\u201d, explicou Martins.<\/p>\n<p>Os treinos s\u00e3o di\u00e1rios, cerca de oito horas por dia, nas atividades divididas entre treino f\u00edsico e psicol\u00f3gico. Nesta reta final at\u00e9 a competi\u00e7\u00e3o, o avaliador Marcos Alexandre est\u00e1 na expectativa de melhorar 10% do rendimento at\u00e9 agosto, dentro dos tr\u00eas simulados que ser\u00e3o aplicados at\u00e9 a competi\u00e7\u00e3o.<\/p>\n<p>\u201cMinha expectativa \u00e9 de muita competitividade, o potencial dos dois sem d\u00favida \u00e9 para ganhar medalha, esperamos que dessa vez seja o ouro\u201d, disse o avaliador, ao explicar que cada um tem sua atribui\u00e7\u00e3o dentro da prova, apesar de ambos terem conhecimento total do trabalho. \u201cO Matheus fica respons\u00e1vel pela parte mec\u00e2nica e a N\u00e1dia pelo Software, no entanto os dois precisam saber o trabalho um do outro para desenvolver o todo\u201d.<\/p>\n<p>A dupla amazonense vai disputar a seletiva com representantes do Cear\u00e1, Bahia, Mato Grosso, Mato Grosso do Sul, Minas Gerais, Paran\u00e1, Santa Catarina, S\u00e3o Paulo e Rio Grande do Sul.<\/p>\n<figure id=\"attachment_11603\" aria-describedby=\"caption-attachment-11603\" style=\"width: 1024px\" class=\"wp-caption alignnone\"><a href=\"http:\/\/www.fieam.org.br\/fieam\/wp-content\/uploads\/sites\/5\/2018\/06\/Matheus-Oliveira-e-Nadia-Martins-participaram-de-simulado-junto-as-delega\u00e7\u00f5es-da-Bahia-e-do-Rio-Grande-do-Sul-em-Salvador-no-final-de-maio.jpeg\"><img decoding=\"async\" class=\"size-large wp-image-11603\" src=\"http:\/\/www.fieam.org.br\/fieam\/wp-content\/uploads\/sites\/5\/2018\/06\/Matheus-Oliveira-e-Nadia-Martins-participaram-de-simulado-junto-as-delega\u00e7\u00f5es-da-Bahia-e-do-Rio-Grande-do-Sul-em-Salvador-no-final-de-maio-1024x682.jpeg\" alt=\"\" width=\"1024\" height=\"682\" \/><\/a><figcaption id=\"caption-attachment-11603\" class=\"wp-caption-text\">Matheus Oliveira e Nadia Martins participaram de simulado junto as delega\u00e7\u00f5es da Bahia e do Rio Grande do Sul em Salvador no final de maio<\/figcaption><\/figure>\n","protected":false},"excerpt":{"rendered":"<p>Alunos do SENAI Amazonas, Matheus Oliveira, 21 anos e Nadia Martins, 18, participam de seletiva para a maior competi\u00e7\u00e3o de educa\u00e7\u00e3o profissional do mundo, a Worldskills Kazan 2019, na R\u00fassia. A dupla vai competir na ocupa\u00e7\u00e3o de Mecatr\u00f4nica nos dias 12 a 17 de agosto em Fortaleza (CE). Em prepara\u00e7\u00e3o desde julho, a dupla foi [&hellip;]<\/p>\n","protected":false},"author":1,"featured_media":11602,"comment_status":"closed","ping_status":"open","sticky":false,"template":"","format":"standard","meta":{"footnotes":""},"categories":[29,30],"tags":[],"class_list":["post-11601","post","type-post","status-publish","format-standard","has-post-thumbnail","hentry","category-news","category-news_destaque"],"yoast_head":"<!-- This site is optimized with the Yoast SEO plugin v26.8 - https:\/\/yoast.com\/product\/yoast-seo-wordpress\/ -->\n<title>Amazonas tem alunos do SENAI na seletiva Worldskills - FIEAM<\/title>\n<meta name=\"robots\" content=\"index, follow, max-snippet:-1, max-image-preview:large, max-video-preview:-1\" \/>\n<link rel=\"canonical\" href=\"https:\/\/fieam.org.br\/fieam\/amazonas-tem-alunos-do-senai-na-seletiva-worldskills\/\" \/>\n<meta property=\"og:locale\" content=\"pt_BR\" \/>\n<meta property=\"og:type\" content=\"article\" \/>\n<meta property=\"og:title\" content=\"Amazonas tem alunos do SENAI na seletiva Worldskills - FIEAM\" \/>\n<meta property=\"og:description\" content=\"Alunos do SENAI Amazonas, Matheus Oliveira, 21 anos e Nadia Martins, 18, participam de seletiva para a maior competi\u00e7\u00e3o de educa\u00e7\u00e3o profissional do mundo, a Worldskills Kazan 2019, na R\u00fassia. A dupla vai competir na ocupa\u00e7\u00e3o de Mecatr\u00f4nica nos dias 12 a 17 de agosto em Fortaleza (CE). Em prepara\u00e7\u00e3o desde julho, a dupla foi [&hellip;]\" \/>\n<meta property=\"og:url\" content=\"https:\/\/fieam.org.br\/fieam\/amazonas-tem-alunos-do-senai-na-seletiva-worldskills\/\" \/>\n<meta property=\"og:site_name\" content=\"FIEAM\" \/>\n<meta property=\"article:published_time\" content=\"2018-06-14T20:05:03+00:00\" \/>\n<meta name=\"author\" content=\"Autor\" \/>\n<meta name=\"twitter:card\" content=\"summary_large_image\" \/>\n<meta name=\"twitter:label1\" content=\"Escrito por\" \/>\n\t<meta name=\"twitter:data1\" content=\"Autor\" \/>\n\t<meta name=\"twitter:label2\" content=\"Est. tempo de leitura\" \/>\n\t<meta name=\"twitter:data2\" content=\"3 minutos\" \/>\n<script type=\"application\/ld+json\" class=\"yoast-schema-graph\">{\"@context\":\"https:\/\/schema.org\",\"@graph\":[{\"@type\":\"Article\",\"@id\":\"https:\/\/fieam.org.br\/fieam\/amazonas-tem-alunos-do-senai-na-seletiva-worldskills\/#article\",\"isPartOf\":{\"@id\":\"https:\/\/fieam.org.br\/fieam\/amazonas-tem-alunos-do-senai-na-seletiva-worldskills\/\"},\"author\":{\"name\":\"Autor\",\"@id\":\"https:\/\/fieam.org.br\/fieam\/#\/schema\/person\/c1ceda8321521b291cee22da0a7d34be\"},\"headline\":\"Amazonas tem alunos do SENAI na seletiva Worldskills\",\"datePublished\":\"2018-06-14T20:05:03+00:00\",\"mainEntityOfPage\":{\"@id\":\"https:\/\/fieam.org.br\/fieam\/amazonas-tem-alunos-do-senai-na-seletiva-worldskills\/\"},\"wordCount\":673,\"publisher\":{\"@id\":\"https:\/\/fieam.org.br\/fieam\/#organization\"},\"image\":{\"@id\":\"https:\/\/fieam.org.br\/fieam\/amazonas-tem-alunos-do-senai-na-seletiva-worldskills\/#primaryimage\"},\"thumbnailUrl\":\"\",\"articleSection\":[\"News\",\"News Destaque\"],\"inLanguage\":\"pt-BR\"},{\"@type\":\"WebPage\",\"@id\":\"https:\/\/fieam.org.br\/fieam\/amazonas-tem-alunos-do-senai-na-seletiva-worldskills\/\",\"url\":\"https:\/\/fieam.org.br\/fieam\/amazonas-tem-alunos-do-senai-na-seletiva-worldskills\/\",\"name\":\"Amazonas tem alunos do SENAI na seletiva Worldskills - FIEAM\",\"isPartOf\":{\"@id\":\"https:\/\/fieam.org.br\/fieam\/#website\"},\"primaryImageOfPage\":{\"@id\":\"https:\/\/fieam.org.br\/fieam\/amazonas-tem-alunos-do-senai-na-seletiva-worldskills\/#primaryimage\"},\"image\":{\"@id\":\"https:\/\/fieam.org.br\/fieam\/amazonas-tem-alunos-do-senai-na-seletiva-worldskills\/#primaryimage\"},\"thumbnailUrl\":\"\",\"datePublished\":\"2018-06-14T20:05:03+00:00\",\"breadcrumb\":{\"@id\":\"https:\/\/fieam.org.br\/fieam\/amazonas-tem-alunos-do-senai-na-seletiva-worldskills\/#breadcrumb\"},\"inLanguage\":\"pt-BR\",\"potentialAction\":[{\"@type\":\"ReadAction\",\"target\":[\"https:\/\/fieam.org.br\/fieam\/amazonas-tem-alunos-do-senai-na-seletiva-worldskills\/\"]}]},{\"@type\":\"ImageObject\",\"inLanguage\":\"pt-BR\",\"@id\":\"https:\/\/fieam.org.br\/fieam\/amazonas-tem-alunos-do-senai-na-seletiva-worldskills\/#primaryimage\",\"url\":\"\",\"contentUrl\":\"\"},{\"@type\":\"BreadcrumbList\",\"@id\":\"https:\/\/fieam.org.br\/fieam\/amazonas-tem-alunos-do-senai-na-seletiva-worldskills\/#breadcrumb\",\"itemListElement\":[{\"@type\":\"ListItem\",\"position\":1,\"name\":\"In\u00edcio\",\"item\":\"https:\/\/fieam.org.br\/fieam\/\"},{\"@type\":\"ListItem\",\"position\":2,\"name\":\"Amazonas tem alunos do SENAI na seletiva Worldskills\"}]},{\"@type\":\"WebSite\",\"@id\":\"https:\/\/fieam.org.br\/fieam\/#website\",\"url\":\"https:\/\/fieam.org.br\/fieam\/\",\"name\":\"FIEAM\",\"description\":\"Site Oficial!\",\"publisher\":{\"@id\":\"https:\/\/fieam.org.br\/fieam\/#organization\"},\"potentialAction\":[{\"@type\":\"SearchAction\",\"target\":{\"@type\":\"EntryPoint\",\"urlTemplate\":\"https:\/\/fieam.org.br\/fieam\/?s={search_term_string}\"},\"query-input\":{\"@type\":\"PropertyValueSpecification\",\"valueRequired\":true,\"valueName\":\"search_term_string\"}}],\"inLanguage\":\"pt-BR\"},{\"@type\":\"Organization\",\"@id\":\"https:\/\/fieam.org.br\/fieam\/#organization\",\"name\":\"FIEAM\",\"url\":\"https:\/\/fieam.org.br\/fieam\/\",\"logo\":{\"@type\":\"ImageObject\",\"inLanguage\":\"pt-BR\",\"@id\":\"https:\/\/fieam.org.br\/fieam\/#\/schema\/logo\/image\/\",\"url\":\"https:\/\/fieam.org.br\/fieam\/wp-content\/uploads\/sites\/9\/2024\/03\/cropped-fav.png\",\"contentUrl\":\"https:\/\/fieam.org.br\/fieam\/wp-content\/uploads\/sites\/9\/2024\/03\/cropped-fav.png\",\"width\":597,\"height\":598,\"caption\":\"FIEAM\"},\"image\":{\"@id\":\"https:\/\/fieam.org.br\/fieam\/#\/schema\/logo\/image\/\"}},{\"@type\":\"Person\",\"@id\":\"https:\/\/fieam.org.br\/fieam\/#\/schema\/person\/c1ceda8321521b291cee22da0a7d34be\",\"name\":\"Autor\",\"image\":{\"@type\":\"ImageObject\",\"inLanguage\":\"pt-BR\",\"@id\":\"https:\/\/fieam.org.br\/fieam\/#\/schema\/person\/image\/\",\"url\":\"https:\/\/secure.gravatar.com\/avatar\/3732c223e0e1fad69062a8f770955c9068d37b055204f310a0be18d4069fe380?s=96&d=mm&r=g\",\"contentUrl\":\"https:\/\/secure.gravatar.com\/avatar\/3732c223e0e1fad69062a8f770955c9068d37b055204f310a0be18d4069fe380?s=96&d=mm&r=g\",\"caption\":\"Autor\"},\"sameAs\":[\"https:\/\/marketingmassivo.com.br\"],\"url\":\"https:\/\/fieam.org.br\/fieam\/author\/admin\/\"}]}<\/script>\n<!-- \/ Yoast SEO plugin. -->","yoast_head_json":{"title":"Amazonas tem alunos do SENAI na seletiva Worldskills - FIEAM","robots":{"index":"index","follow":"follow","max-snippet":"max-snippet:-1","max-image-preview":"max-image-preview:large","max-video-preview":"max-video-preview:-1"},"canonical":"https:\/\/fieam.org.br\/fieam\/amazonas-tem-alunos-do-senai-na-seletiva-worldskills\/","og_locale":"pt_BR","og_type":"article","og_title":"Amazonas tem alunos do SENAI na seletiva Worldskills - FIEAM","og_description":"Alunos do SENAI Amazonas, Matheus Oliveira, 21 anos e Nadia Martins, 18, participam de seletiva para a maior competi\u00e7\u00e3o de educa\u00e7\u00e3o profissional do mundo, a Worldskills Kazan 2019, na R\u00fassia. A dupla vai competir na ocupa\u00e7\u00e3o de Mecatr\u00f4nica nos dias 12 a 17 de agosto em Fortaleza (CE). Em prepara\u00e7\u00e3o desde julho, a dupla foi [&hellip;]","og_url":"https:\/\/fieam.org.br\/fieam\/amazonas-tem-alunos-do-senai-na-seletiva-worldskills\/","og_site_name":"FIEAM","article_published_time":"2018-06-14T20:05:03+00:00","author":"Autor","twitter_card":"summary_large_image","twitter_misc":{"Escrito por":"Autor","Est. tempo de leitura":"3 minutos"},"schema":{"@context":"https:\/\/schema.org","@graph":[{"@type":"Article","@id":"https:\/\/fieam.org.br\/fieam\/amazonas-tem-alunos-do-senai-na-seletiva-worldskills\/#article","isPartOf":{"@id":"https:\/\/fieam.org.br\/fieam\/amazonas-tem-alunos-do-senai-na-seletiva-worldskills\/"},"author":{"name":"Autor","@id":"https:\/\/fieam.org.br\/fieam\/#\/schema\/person\/c1ceda8321521b291cee22da0a7d34be"},"headline":"Amazonas tem alunos do SENAI na seletiva Worldskills","datePublished":"2018-06-14T20:05:03+00:00","mainEntityOfPage":{"@id":"https:\/\/fieam.org.br\/fieam\/amazonas-tem-alunos-do-senai-na-seletiva-worldskills\/"},"wordCount":673,"publisher":{"@id":"https:\/\/fieam.org.br\/fieam\/#organization"},"image":{"@id":"https:\/\/fieam.org.br\/fieam\/amazonas-tem-alunos-do-senai-na-seletiva-worldskills\/#primaryimage"},"thumbnailUrl":"","articleSection":["News","News Destaque"],"inLanguage":"pt-BR"},{"@type":"WebPage","@id":"https:\/\/fieam.org.br\/fieam\/amazonas-tem-alunos-do-senai-na-seletiva-worldskills\/","url":"https:\/\/fieam.org.br\/fieam\/amazonas-tem-alunos-do-senai-na-seletiva-worldskills\/","name":"Amazonas tem alunos do SENAI na seletiva Worldskills - FIEAM","isPartOf":{"@id":"https:\/\/fieam.org.br\/fieam\/#website"},"primaryImageOfPage":{"@id":"https:\/\/fieam.org.br\/fieam\/amazonas-tem-alunos-do-senai-na-seletiva-worldskills\/#primaryimage"},"image":{"@id":"https:\/\/fieam.org.br\/fieam\/amazonas-tem-alunos-do-senai-na-seletiva-worldskills\/#primaryimage"},"thumbnailUrl":"","datePublished":"2018-06-14T20:05:03+00:00","breadcrumb":{"@id":"https:\/\/fieam.org.br\/fieam\/amazonas-tem-alunos-do-senai-na-seletiva-worldskills\/#breadcrumb"},"inLanguage":"pt-BR","potentialAction":[{"@type":"ReadAction","target":["https:\/\/fieam.org.br\/fieam\/amazonas-tem-alunos-do-senai-na-seletiva-worldskills\/"]}]},{"@type":"ImageObject","inLanguage":"pt-BR","@id":"https:\/\/fieam.org.br\/fieam\/amazonas-tem-alunos-do-senai-na-seletiva-worldskills\/#primaryimage","url":"","contentUrl":""},{"@type":"BreadcrumbList","@id":"https:\/\/fieam.org.br\/fieam\/amazonas-tem-alunos-do-senai-na-seletiva-worldskills\/#breadcrumb","itemListElement":[{"@type":"ListItem","position":1,"name":"In\u00edcio","item":"https:\/\/fieam.org.br\/fieam\/"},{"@type":"ListItem","position":2,"name":"Amazonas tem alunos do SENAI na seletiva Worldskills"}]},{"@type":"WebSite","@id":"https:\/\/fieam.org.br\/fieam\/#website","url":"https:\/\/fieam.org.br\/fieam\/","name":"FIEAM","description":"Site Oficial!","publisher":{"@id":"https:\/\/fieam.org.br\/fieam\/#organization"},"potentialAction":[{"@type":"SearchAction","target":{"@type":"EntryPoint","urlTemplate":"https:\/\/fieam.org.br\/fieam\/?s={search_term_string}"},"query-input":{"@type":"PropertyValueSpecification","valueRequired":true,"valueName":"search_term_string"}}],"inLanguage":"pt-BR"},{"@type":"Organization","@id":"https:\/\/fieam.org.br\/fieam\/#organization","name":"FIEAM","url":"https:\/\/fieam.org.br\/fieam\/","logo":{"@type":"ImageObject","inLanguage":"pt-BR","@id":"https:\/\/fieam.org.br\/fieam\/#\/schema\/logo\/image\/","url":"https:\/\/fieam.org.br\/fieam\/wp-content\/uploads\/sites\/9\/2024\/03\/cropped-fav.png","contentUrl":"https:\/\/fieam.org.br\/fieam\/wp-content\/uploads\/sites\/9\/2024\/03\/cropped-fav.png","width":597,"height":598,"caption":"FIEAM"},"image":{"@id":"https:\/\/fieam.org.br\/fieam\/#\/schema\/logo\/image\/"}},{"@type":"Person","@id":"https:\/\/fieam.org.br\/fieam\/#\/schema\/person\/c1ceda8321521b291cee22da0a7d34be","name":"Autor","image":{"@type":"ImageObject","inLanguage":"pt-BR","@id":"https:\/\/fieam.org.br\/fieam\/#\/schema\/person\/image\/","url":"https:\/\/secure.gravatar.com\/avatar\/3732c223e0e1fad69062a8f770955c9068d37b055204f310a0be18d4069fe380?s=96&d=mm&r=g","contentUrl":"https:\/\/secure.gravatar.com\/avatar\/3732c223e0e1fad69062a8f770955c9068d37b055204f310a0be18d4069fe380?s=96&d=mm&r=g","caption":"Autor"},"sameAs":["https:\/\/marketingmassivo.com.br"],"url":"https:\/\/fieam.org.br\/fieam\/author\/admin\/"}]}},"_links":{"self":[{"href":"https:\/\/fieam.org.br\/fieam\/wp-json\/wp\/v2\/posts\/11601","targetHints":{"allow":["GET"]}}],"collection":[{"href":"https:\/\/fieam.org.br\/fieam\/wp-json\/wp\/v2\/posts"}],"about":[{"href":"https:\/\/fieam.org.br\/fieam\/wp-json\/wp\/v2\/types\/post"}],"author":[{"embeddable":true,"href":"https:\/\/fieam.org.br\/fieam\/wp-json\/wp\/v2\/users\/1"}],"replies":[{"embeddable":true,"href":"https:\/\/fieam.org.br\/fieam\/wp-json\/wp\/v2\/comments?post=11601"}],"version-history":[{"count":0,"href":"https:\/\/fieam.org.br\/fieam\/wp-json\/wp\/v2\/posts\/11601\/revisions"}],"wp:featuredmedia":[{"embeddable":true,"href":"https:\/\/fieam.org.br\/fieam\/wp-json\/"}],"wp:attachment":[{"href":"https:\/\/fieam.org.br\/fieam\/wp-json\/wp\/v2\/media?parent=11601"}],"wp:term":[{"taxonomy":"category","embeddable":true,"href":"https:\/\/fieam.org.br\/fieam\/wp-json\/wp\/v2\/categories?post=11601"},{"taxonomy":"post_tag","embeddable":true,"href":"https:\/\/fieam.org.br\/fieam\/wp-json\/wp\/v2\/tags?post=11601"}],"curies":[{"name":"wp","href":"https:\/\/api.w.org\/{rel}","templated":true}]}}