{"id":11477,"date":"2018-05-14T15:43:56","date_gmt":"2018-05-14T19:43:56","guid":{"rendered":"http:\/\/www.fieam.org.br\/fieam\/?p=11477"},"modified":"2018-05-14T15:43:56","modified_gmt":"2018-05-14T19:43:56","slug":"microindustrial-do-ano-produz-doces-amazonicos","status":"publish","type":"post","link":"https:\/\/fieam.org.br\/fieam\/microindustrial-do-ano-produz-doces-amazonicos\/","title":{"rendered":"Microindustrial do Ano produz doces amaz\u00f4nicos"},"content":{"rendered":"<figure id=\"attachment_11480\" aria-describedby=\"caption-attachment-11480\" style=\"width: 1024px\" class=\"wp-caption alignnone\"><a href=\"http:\/\/www.fieam.org.br\/fieam\/wp-content\/uploads\/sites\/5\/2018\/05\/Microindustrial-Destaque-do-Ano-Jane-Ferreira-produz-48-itens-de-produtos-entre-bombons-biscoitos-doces-e-geleias.jpg\"><img fetchpriority=\"high\" decoding=\"async\" class=\"size-large wp-image-11480\" src=\"http:\/\/www.fieam.org.br\/fieam\/wp-content\/uploads\/sites\/5\/2018\/05\/Microindustrial-Destaque-do-Ano-Jane-Ferreira-produz-48-itens-de-produtos-entre-bombons-biscoitos-doces-e-geleias-1024x683.jpg\" alt=\"\" width=\"1024\" height=\"683\" \/><\/a><figcaption id=\"caption-attachment-11480\" class=\"wp-caption-text\">Microindustrial Destaque do Ano, Jane Ferreira, produz 48 itens de produtos, entre bombons, biscoitos, doces e geleias<\/figcaption><\/figure>\n<p>A amazonense Jane do Socorro Barros Ferreira, 48 anos, que ser\u00e1 agraciada na quinta-feira (17) com o t\u00edtulo de Microindustrial do Ano, concedido pela Federa\u00e7\u00e3o das Ind\u00fastrias do Estado do Amazonas (FIEAM) e Centro da Ind\u00fastria do Estado do Amazonas (CIEAM) em solenidade no Clube do Trabalhador, tornou-se empreendedora por acaso. H\u00e1 22 anos, rec\u00e9m-propriet\u00e1ria de um s\u00edtio no munic\u00edpio de Presidente Figueiredo (a 108 quil\u00f4metros de Manaus), viu na propriedade uma oportunidade para renda e decidiu come\u00e7ar. \u201cTinha no quintal de casa planta\u00e7\u00f5es de cupua\u00e7u e maracuj\u00e1, comecei a me aventurar na produ\u00e7\u00e3o de doces e nunca mais parei\u201d, recordou.<\/p>\n<p>A partir de receitas caseiras que aprendeu a desenvolver com as matriarcas da fam\u00edlia, a amazonense, casada e m\u00e3e de quatro filhos, come\u00e7ou a produzir dois produtos \u2013 a geleia de cupua\u00e7u e o \u201csalame\u201d, conhecido doce de corte feito da mistura de cupua\u00e7u com castanha. A empresa, hoje Amazon Com\u00e9rcio de Doces Ltda, chamava-se Jugupa, formado pela jun\u00e7\u00e3o dos nomes do marido e dos dois cunhados.<\/p>\n<p>\u201cMesmo com poucos itens na produ\u00e7\u00e3o fui convidada, em 1998, pelo Instituto de Desenvolvimento Agropecu\u00e1rio do Estado do Amazonas (IDAM) para representar o munic\u00edpio de Presidente Figueiredo na Exposi\u00e7\u00e3o Agropecu\u00e1ria do Amazonas (<em>Expoagro<\/em>), em Manaus\u201d, relatou.<\/p>\n<p>A microempreendeora revela que a participa\u00e7\u00e3o no evento foi um sucesso de vendas, o que a incentivou a iniciar a comercializa\u00e7\u00e3o de seus doces em um quiosque cedido pela Prefeitura do Munic\u00edpio de Presidente Figueiredo, no Parque do Urubu\u00ed, ponto central da cidade. \u201cComecei a olhar com olhos de profissional e vi que os meus clientes eram turistas da capital e decidi migrar para Manaus e investir no neg\u00f3cio\u201d, disse ela.<\/p>\n<p>Ap\u00f3s seis anos tentando estruturar a cria\u00e7\u00e3o da Amazon Doces, Jane Ferreira ingressou sua microempresa em 2012 no Centro de Incuba\u00e7\u00e3o e Desenvolvimento Empresarial (CIDE), bairro Crespo, onde tem a sua matriz fixa no local e desenvolve, entre outros doces, a Jujuba de Cupua\u00e7u com Mangarataia (gengibre), hoje um dos carros-chefes da empresa, produto inovador feito 100% da fruta, sem adi\u00e7\u00e3o de goma e gl\u00faten.<\/p>\n<p>&nbsp;<\/p>\n<p><strong>Investimento pr\u00f3prio<\/strong><\/p>\n<p>A empres\u00e1ria Jane Ferreira enfatiza que aos poucos a Amazon Doces consolida a sua amplia\u00e7\u00e3o com investimentos pr\u00f3prios, receita que tem dado certo: hoje possui dois quiosques, um localizado um no Shopping Manauara e outro no Sama\u00fama Park, este \u00faltimo funciona nos fins de semana e feriados. Tamb\u00e9m j\u00e1 entrega seus produtos em Porto Velho (RO), S\u00e3o Paulo (SP), Rio De Janeiro (RJ), Bras\u00edlia (BSB) e Chapec\u00f3 (SC). A demanda atende tamb\u00e9m na capital, estabelecimentos comerciais como restaurantes, aeroporto, hot\u00e9is e o Mercado Municipal Adolpho Lisboa.<\/p>\n<p>Atenta \u00e0s novidades do mercado, a microempreendora conta que investe na participa\u00e7\u00e3o de feiras em n\u00edvel nacional. \u201cIsso d\u00e1 visibilidade e naturalmente surgem parcerias\u201d, destaca, para ressalvar que busca ser muito realista e cautelosa com o desenvolvimento do neg\u00f3cio. \u201cSempre dou um passo de cada vez, porque \u00e0s vezes voamos muito e acabamos em queda, ent\u00e3o costumo ser mais p\u00e9 no ch\u00e3o\u201d, disse ela.<\/p>\n<figure id=\"attachment_11478\" aria-describedby=\"caption-attachment-11478\" style=\"width: 1024px\" class=\"wp-caption alignnone\"><a href=\"http:\/\/www.fieam.org.br\/fieam\/wp-content\/uploads\/sites\/5\/2018\/05\/A-empresaria-Jane-Ferreira-ama-desenvolver-novos-produtos-e-participa-efetivamente-da-produ\u00e7\u00e3o.jpg\"><img decoding=\"async\" class=\"size-large wp-image-11478\" src=\"http:\/\/www.fieam.org.br\/fieam\/wp-content\/uploads\/sites\/5\/2018\/05\/A-empresaria-Jane-Ferreira-ama-desenvolver-novos-produtos-e-participa-efetivamente-da-produ\u00e7\u00e3o-1024x683.jpg\" alt=\"\" width=\"1024\" height=\"683\" \/><\/a><figcaption id=\"caption-attachment-11478\" class=\"wp-caption-text\">A empresaria, Jane Ferreira, ama desenvolver novos produtos e participa efetivamente da produ\u00e7\u00e3o<\/figcaption><\/figure>\n<p>Quarenta e oito itens de produtos comp\u00f5em o leque de produtos, entre bombons, biscoitos, doces, geleias e licores feitos de frutas amaz\u00f4nicas, como cupua\u00e7u, a\u00e7a\u00ed, camu-camu, maracuj\u00e1, banana pacovan, castanha, jenipapo, ara\u00e7\u00e1-boi, bacuri e buriti. A microempresa produz mensalmente quatro mil potes de doces, entre geleias e jujubas, vinte mil bombons e cinco mil potes de biscoitos (100 e 400g) e no \u00faltimo ano atingiu faturamento de R$ 189 mil.<\/p>\n<p>\u201cA Amazon Doces vem crescendo ano ap\u00f3s ano, fruto disso \u00e9 o aumento de 20% na nossa produ\u00e7\u00e3o em rela\u00e7\u00e3o a 2017\u201d, ressaltou a empres\u00e1ria. Em datas sazonais com o Dia Internacional da Mulher e P\u00e1scoa, a produ\u00e7\u00e3o chegou a ser quatro vezes maior do que no ano anterior.<\/p>\n<p>Cerca de 40 pessoas fornecem m\u00e3o de obra indireta para a empresa, dentre elas, artes\u00e3os, ind\u00edgenas, ribeirinhos, empreendedores rurais e empresas de processamento de frutas. Atualmente a Amazon Doces emprega diretamente sete pessoas, no processo produtivo, dentro do CIDE, e nas vendas nos quiosques.<\/p>\n<p>\u201cSempre me coloco entre os funcion\u00e1rios porque nunca gostei de ficar dentro do escrit\u00f3rio, fa\u00e7o parte da constru\u00e7\u00e3o do produto, amo desenvolver novos doces e coloco a m\u00e3o na massa diariamente\u201d, enfatiza a empresaria.<\/p>\n<p>Determinada a permanecer como uma empresa artesanal com produtos totalmente naturais, Jane Ferreira se diz agradecida com a homenagem que marca a sua trajet\u00f3ria no trabalho com doces amaz\u00f4nicos. Com planos para 2018, a empres\u00e1ria adianta que trabalha para construir a sede do empreendimento fora do CIDE e fala em mecanizar alguns processos, mas sem industrializar os produtos.<\/p>\n<p>\u201cN\u00e3o queremos mexer na ess\u00eancia do produto, que \u00e9 o nosso grande diferencial de ser 100% natural, mas queremos uma m\u00e1quina que se adapte ao nosso produto e nos auxilie a aumentar produ\u00e7\u00e3o, para termos estoque, coisa que n\u00e3o temos hoje\u201d, revelou.<\/p>\n","protected":false},"excerpt":{"rendered":"<p>A amazonense Jane do Socorro Barros Ferreira, 48 anos, que ser\u00e1 agraciada na quinta-feira (17) com o t\u00edtulo de Microindustrial do Ano, concedido pela Federa\u00e7\u00e3o das Ind\u00fastrias do Estado do Amazonas (FIEAM) e Centro da Ind\u00fastria do Estado do Amazonas (CIEAM) em solenidade no Clube do Trabalhador, tornou-se empreendedora por acaso. H\u00e1 22 anos, rec\u00e9m-propriet\u00e1ria [&hellip;]<\/p>\n","protected":false},"author":1,"featured_media":11481,"comment_status":"closed","ping_status":"open","sticky":false,"template":"","format":"standard","meta":{"footnotes":""},"categories":[29,30],"tags":[],"class_list":["post-11477","post","type-post","status-publish","format-standard","has-post-thumbnail","hentry","category-news","category-news_destaque"],"yoast_head":"<!-- This site is optimized with the Yoast SEO plugin v26.8 - https:\/\/yoast.com\/product\/yoast-seo-wordpress\/ -->\n<title>Microindustrial do Ano produz doces amaz\u00f4nicos - FIEAM<\/title>\n<meta name=\"robots\" content=\"index, follow, max-snippet:-1, max-image-preview:large, max-video-preview:-1\" \/>\n<link rel=\"canonical\" href=\"https:\/\/fieam.org.br\/fieam\/microindustrial-do-ano-produz-doces-amazonicos\/\" \/>\n<meta property=\"og:locale\" content=\"pt_BR\" \/>\n<meta property=\"og:type\" content=\"article\" \/>\n<meta property=\"og:title\" content=\"Microindustrial do Ano produz doces amaz\u00f4nicos - FIEAM\" \/>\n<meta property=\"og:description\" content=\"A amazonense Jane do Socorro Barros Ferreira, 48 anos, que ser\u00e1 agraciada na quinta-feira (17) com o t\u00edtulo de Microindustrial do Ano, concedido pela Federa\u00e7\u00e3o das Ind\u00fastrias do Estado do Amazonas (FIEAM) e Centro da Ind\u00fastria do Estado do Amazonas (CIEAM) em solenidade no Clube do Trabalhador, tornou-se empreendedora por acaso. H\u00e1 22 anos, rec\u00e9m-propriet\u00e1ria [&hellip;]\" \/>\n<meta property=\"og:url\" content=\"https:\/\/fieam.org.br\/fieam\/microindustrial-do-ano-produz-doces-amazonicos\/\" \/>\n<meta property=\"og:site_name\" content=\"FIEAM\" \/>\n<meta property=\"article:published_time\" content=\"2018-05-14T19:43:56+00:00\" \/>\n<meta name=\"author\" content=\"Autor\" \/>\n<meta name=\"twitter:card\" content=\"summary_large_image\" \/>\n<meta name=\"twitter:label1\" content=\"Escrito por\" \/>\n\t<meta name=\"twitter:data1\" content=\"Autor\" \/>\n\t<meta name=\"twitter:label2\" content=\"Est. tempo de leitura\" \/>\n\t<meta name=\"twitter:data2\" content=\"4 minutos\" \/>\n<script type=\"application\/ld+json\" class=\"yoast-schema-graph\">{\"@context\":\"https:\/\/schema.org\",\"@graph\":[{\"@type\":\"Article\",\"@id\":\"https:\/\/fieam.org.br\/fieam\/microindustrial-do-ano-produz-doces-amazonicos\/#article\",\"isPartOf\":{\"@id\":\"https:\/\/fieam.org.br\/fieam\/microindustrial-do-ano-produz-doces-amazonicos\/\"},\"author\":{\"name\":\"Autor\",\"@id\":\"https:\/\/fieam.org.br\/fieam\/#\/schema\/person\/c1ceda8321521b291cee22da0a7d34be\"},\"headline\":\"Microindustrial do Ano produz doces amaz\u00f4nicos\",\"datePublished\":\"2018-05-14T19:43:56+00:00\",\"mainEntityOfPage\":{\"@id\":\"https:\/\/fieam.org.br\/fieam\/microindustrial-do-ano-produz-doces-amazonicos\/\"},\"wordCount\":901,\"publisher\":{\"@id\":\"https:\/\/fieam.org.br\/fieam\/#organization\"},\"image\":{\"@id\":\"https:\/\/fieam.org.br\/fieam\/microindustrial-do-ano-produz-doces-amazonicos\/#primaryimage\"},\"thumbnailUrl\":\"\",\"articleSection\":[\"News\",\"News Destaque\"],\"inLanguage\":\"pt-BR\"},{\"@type\":\"WebPage\",\"@id\":\"https:\/\/fieam.org.br\/fieam\/microindustrial-do-ano-produz-doces-amazonicos\/\",\"url\":\"https:\/\/fieam.org.br\/fieam\/microindustrial-do-ano-produz-doces-amazonicos\/\",\"name\":\"Microindustrial do Ano produz doces amaz\u00f4nicos - FIEAM\",\"isPartOf\":{\"@id\":\"https:\/\/fieam.org.br\/fieam\/#website\"},\"primaryImageOfPage\":{\"@id\":\"https:\/\/fieam.org.br\/fieam\/microindustrial-do-ano-produz-doces-amazonicos\/#primaryimage\"},\"image\":{\"@id\":\"https:\/\/fieam.org.br\/fieam\/microindustrial-do-ano-produz-doces-amazonicos\/#primaryimage\"},\"thumbnailUrl\":\"\",\"datePublished\":\"2018-05-14T19:43:56+00:00\",\"breadcrumb\":{\"@id\":\"https:\/\/fieam.org.br\/fieam\/microindustrial-do-ano-produz-doces-amazonicos\/#breadcrumb\"},\"inLanguage\":\"pt-BR\",\"potentialAction\":[{\"@type\":\"ReadAction\",\"target\":[\"https:\/\/fieam.org.br\/fieam\/microindustrial-do-ano-produz-doces-amazonicos\/\"]}]},{\"@type\":\"ImageObject\",\"inLanguage\":\"pt-BR\",\"@id\":\"https:\/\/fieam.org.br\/fieam\/microindustrial-do-ano-produz-doces-amazonicos\/#primaryimage\",\"url\":\"\",\"contentUrl\":\"\"},{\"@type\":\"BreadcrumbList\",\"@id\":\"https:\/\/fieam.org.br\/fieam\/microindustrial-do-ano-produz-doces-amazonicos\/#breadcrumb\",\"itemListElement\":[{\"@type\":\"ListItem\",\"position\":1,\"name\":\"In\u00edcio\",\"item\":\"https:\/\/fieam.org.br\/fieam\/\"},{\"@type\":\"ListItem\",\"position\":2,\"name\":\"Microindustrial do Ano produz doces amaz\u00f4nicos\"}]},{\"@type\":\"WebSite\",\"@id\":\"https:\/\/fieam.org.br\/fieam\/#website\",\"url\":\"https:\/\/fieam.org.br\/fieam\/\",\"name\":\"FIEAM\",\"description\":\"Site Oficial!\",\"publisher\":{\"@id\":\"https:\/\/fieam.org.br\/fieam\/#organization\"},\"potentialAction\":[{\"@type\":\"SearchAction\",\"target\":{\"@type\":\"EntryPoint\",\"urlTemplate\":\"https:\/\/fieam.org.br\/fieam\/?s={search_term_string}\"},\"query-input\":{\"@type\":\"PropertyValueSpecification\",\"valueRequired\":true,\"valueName\":\"search_term_string\"}}],\"inLanguage\":\"pt-BR\"},{\"@type\":\"Organization\",\"@id\":\"https:\/\/fieam.org.br\/fieam\/#organization\",\"name\":\"FIEAM\",\"url\":\"https:\/\/fieam.org.br\/fieam\/\",\"logo\":{\"@type\":\"ImageObject\",\"inLanguage\":\"pt-BR\",\"@id\":\"https:\/\/fieam.org.br\/fieam\/#\/schema\/logo\/image\/\",\"url\":\"https:\/\/fieam.org.br\/fieam\/wp-content\/uploads\/sites\/9\/2024\/03\/cropped-fav.png\",\"contentUrl\":\"https:\/\/fieam.org.br\/fieam\/wp-content\/uploads\/sites\/9\/2024\/03\/cropped-fav.png\",\"width\":597,\"height\":598,\"caption\":\"FIEAM\"},\"image\":{\"@id\":\"https:\/\/fieam.org.br\/fieam\/#\/schema\/logo\/image\/\"}},{\"@type\":\"Person\",\"@id\":\"https:\/\/fieam.org.br\/fieam\/#\/schema\/person\/c1ceda8321521b291cee22da0a7d34be\",\"name\":\"Autor\",\"image\":{\"@type\":\"ImageObject\",\"inLanguage\":\"pt-BR\",\"@id\":\"https:\/\/fieam.org.br\/fieam\/#\/schema\/person\/image\/\",\"url\":\"https:\/\/secure.gravatar.com\/avatar\/3732c223e0e1fad69062a8f770955c9068d37b055204f310a0be18d4069fe380?s=96&d=mm&r=g\",\"contentUrl\":\"https:\/\/secure.gravatar.com\/avatar\/3732c223e0e1fad69062a8f770955c9068d37b055204f310a0be18d4069fe380?s=96&d=mm&r=g\",\"caption\":\"Autor\"},\"sameAs\":[\"https:\/\/marketingmassivo.com.br\"],\"url\":\"https:\/\/fieam.org.br\/fieam\/author\/admin\/\"}]}<\/script>\n<!-- \/ Yoast SEO plugin. -->","yoast_head_json":{"title":"Microindustrial do Ano produz doces amaz\u00f4nicos - FIEAM","robots":{"index":"index","follow":"follow","max-snippet":"max-snippet:-1","max-image-preview":"max-image-preview:large","max-video-preview":"max-video-preview:-1"},"canonical":"https:\/\/fieam.org.br\/fieam\/microindustrial-do-ano-produz-doces-amazonicos\/","og_locale":"pt_BR","og_type":"article","og_title":"Microindustrial do Ano produz doces amaz\u00f4nicos - FIEAM","og_description":"A amazonense Jane do Socorro Barros Ferreira, 48 anos, que ser\u00e1 agraciada na quinta-feira (17) com o t\u00edtulo de Microindustrial do Ano, concedido pela Federa\u00e7\u00e3o das Ind\u00fastrias do Estado do Amazonas (FIEAM) e Centro da Ind\u00fastria do Estado do Amazonas (CIEAM) em solenidade no Clube do Trabalhador, tornou-se empreendedora por acaso. H\u00e1 22 anos, rec\u00e9m-propriet\u00e1ria [&hellip;]","og_url":"https:\/\/fieam.org.br\/fieam\/microindustrial-do-ano-produz-doces-amazonicos\/","og_site_name":"FIEAM","article_published_time":"2018-05-14T19:43:56+00:00","author":"Autor","twitter_card":"summary_large_image","twitter_misc":{"Escrito por":"Autor","Est. tempo de leitura":"4 minutos"},"schema":{"@context":"https:\/\/schema.org","@graph":[{"@type":"Article","@id":"https:\/\/fieam.org.br\/fieam\/microindustrial-do-ano-produz-doces-amazonicos\/#article","isPartOf":{"@id":"https:\/\/fieam.org.br\/fieam\/microindustrial-do-ano-produz-doces-amazonicos\/"},"author":{"name":"Autor","@id":"https:\/\/fieam.org.br\/fieam\/#\/schema\/person\/c1ceda8321521b291cee22da0a7d34be"},"headline":"Microindustrial do Ano produz doces amaz\u00f4nicos","datePublished":"2018-05-14T19:43:56+00:00","mainEntityOfPage":{"@id":"https:\/\/fieam.org.br\/fieam\/microindustrial-do-ano-produz-doces-amazonicos\/"},"wordCount":901,"publisher":{"@id":"https:\/\/fieam.org.br\/fieam\/#organization"},"image":{"@id":"https:\/\/fieam.org.br\/fieam\/microindustrial-do-ano-produz-doces-amazonicos\/#primaryimage"},"thumbnailUrl":"","articleSection":["News","News Destaque"],"inLanguage":"pt-BR"},{"@type":"WebPage","@id":"https:\/\/fieam.org.br\/fieam\/microindustrial-do-ano-produz-doces-amazonicos\/","url":"https:\/\/fieam.org.br\/fieam\/microindustrial-do-ano-produz-doces-amazonicos\/","name":"Microindustrial do Ano produz doces amaz\u00f4nicos - FIEAM","isPartOf":{"@id":"https:\/\/fieam.org.br\/fieam\/#website"},"primaryImageOfPage":{"@id":"https:\/\/fieam.org.br\/fieam\/microindustrial-do-ano-produz-doces-amazonicos\/#primaryimage"},"image":{"@id":"https:\/\/fieam.org.br\/fieam\/microindustrial-do-ano-produz-doces-amazonicos\/#primaryimage"},"thumbnailUrl":"","datePublished":"2018-05-14T19:43:56+00:00","breadcrumb":{"@id":"https:\/\/fieam.org.br\/fieam\/microindustrial-do-ano-produz-doces-amazonicos\/#breadcrumb"},"inLanguage":"pt-BR","potentialAction":[{"@type":"ReadAction","target":["https:\/\/fieam.org.br\/fieam\/microindustrial-do-ano-produz-doces-amazonicos\/"]}]},{"@type":"ImageObject","inLanguage":"pt-BR","@id":"https:\/\/fieam.org.br\/fieam\/microindustrial-do-ano-produz-doces-amazonicos\/#primaryimage","url":"","contentUrl":""},{"@type":"BreadcrumbList","@id":"https:\/\/fieam.org.br\/fieam\/microindustrial-do-ano-produz-doces-amazonicos\/#breadcrumb","itemListElement":[{"@type":"ListItem","position":1,"name":"In\u00edcio","item":"https:\/\/fieam.org.br\/fieam\/"},{"@type":"ListItem","position":2,"name":"Microindustrial do Ano produz doces amaz\u00f4nicos"}]},{"@type":"WebSite","@id":"https:\/\/fieam.org.br\/fieam\/#website","url":"https:\/\/fieam.org.br\/fieam\/","name":"FIEAM","description":"Site Oficial!","publisher":{"@id":"https:\/\/fieam.org.br\/fieam\/#organization"},"potentialAction":[{"@type":"SearchAction","target":{"@type":"EntryPoint","urlTemplate":"https:\/\/fieam.org.br\/fieam\/?s={search_term_string}"},"query-input":{"@type":"PropertyValueSpecification","valueRequired":true,"valueName":"search_term_string"}}],"inLanguage":"pt-BR"},{"@type":"Organization","@id":"https:\/\/fieam.org.br\/fieam\/#organization","name":"FIEAM","url":"https:\/\/fieam.org.br\/fieam\/","logo":{"@type":"ImageObject","inLanguage":"pt-BR","@id":"https:\/\/fieam.org.br\/fieam\/#\/schema\/logo\/image\/","url":"https:\/\/fieam.org.br\/fieam\/wp-content\/uploads\/sites\/9\/2024\/03\/cropped-fav.png","contentUrl":"https:\/\/fieam.org.br\/fieam\/wp-content\/uploads\/sites\/9\/2024\/03\/cropped-fav.png","width":597,"height":598,"caption":"FIEAM"},"image":{"@id":"https:\/\/fieam.org.br\/fieam\/#\/schema\/logo\/image\/"}},{"@type":"Person","@id":"https:\/\/fieam.org.br\/fieam\/#\/schema\/person\/c1ceda8321521b291cee22da0a7d34be","name":"Autor","image":{"@type":"ImageObject","inLanguage":"pt-BR","@id":"https:\/\/fieam.org.br\/fieam\/#\/schema\/person\/image\/","url":"https:\/\/secure.gravatar.com\/avatar\/3732c223e0e1fad69062a8f770955c9068d37b055204f310a0be18d4069fe380?s=96&d=mm&r=g","contentUrl":"https:\/\/secure.gravatar.com\/avatar\/3732c223e0e1fad69062a8f770955c9068d37b055204f310a0be18d4069fe380?s=96&d=mm&r=g","caption":"Autor"},"sameAs":["https:\/\/marketingmassivo.com.br"],"url":"https:\/\/fieam.org.br\/fieam\/author\/admin\/"}]}},"_links":{"self":[{"href":"https:\/\/fieam.org.br\/fieam\/wp-json\/wp\/v2\/posts\/11477","targetHints":{"allow":["GET"]}}],"collection":[{"href":"https:\/\/fieam.org.br\/fieam\/wp-json\/wp\/v2\/posts"}],"about":[{"href":"https:\/\/fieam.org.br\/fieam\/wp-json\/wp\/v2\/types\/post"}],"author":[{"embeddable":true,"href":"https:\/\/fieam.org.br\/fieam\/wp-json\/wp\/v2\/users\/1"}],"replies":[{"embeddable":true,"href":"https:\/\/fieam.org.br\/fieam\/wp-json\/wp\/v2\/comments?post=11477"}],"version-history":[{"count":0,"href":"https:\/\/fieam.org.br\/fieam\/wp-json\/wp\/v2\/posts\/11477\/revisions"}],"wp:featuredmedia":[{"embeddable":true,"href":"https:\/\/fieam.org.br\/fieam\/wp-json\/"}],"wp:attachment":[{"href":"https:\/\/fieam.org.br\/fieam\/wp-json\/wp\/v2\/media?parent=11477"}],"wp:term":[{"taxonomy":"category","embeddable":true,"href":"https:\/\/fieam.org.br\/fieam\/wp-json\/wp\/v2\/categories?post=11477"},{"taxonomy":"post_tag","embeddable":true,"href":"https:\/\/fieam.org.br\/fieam\/wp-json\/wp\/v2\/tags?post=11477"}],"curies":[{"name":"wp","href":"https:\/\/api.w.org\/{rel}","templated":true}]}}