{"id":11452,"date":"2018-04-27T15:20:18","date_gmt":"2018-04-27T19:20:18","guid":{"rendered":"http:\/\/www.fieam.org.br\/fieam\/?p=11452"},"modified":"2018-04-27T15:20:18","modified_gmt":"2018-04-27T19:20:18","slug":"fieam-unifica-coordenadorias-de-meio-ambiente-e-responsabilidade-social","status":"publish","type":"post","link":"https:\/\/fieam.org.br\/fieam\/fieam-unifica-coordenadorias-de-meio-ambiente-e-responsabilidade-social\/","title":{"rendered":"FIEAM unifica coordenadorias de Meio Ambiente e Responsabilidade Social"},"content":{"rendered":"<figure id=\"attachment_11454\" aria-describedby=\"caption-attachment-11454\" style=\"width: 1024px\" class=\"wp-caption alignnone\"><a href=\"http:\/\/www.fieam.org.br\/fieam\/wp-content\/uploads\/sites\/5\/2018\/04\/Vice-Presidente-da-FIEAM-Nelson-Azevedo-ressalta-import\u00e2ncia-do-trabalho-das-coordenadorias-em-prol-da-ind\u00fastria.jpg\"><img fetchpriority=\"high\" decoding=\"async\" class=\"size-large wp-image-11454\" src=\"http:\/\/www.fieam.org.br\/fieam\/wp-content\/uploads\/sites\/5\/2018\/04\/Vice-Presidente-da-FIEAM-Nelson-Azevedo-ressalta-import\u00e2ncia-do-trabalho-das-coordenadorias-em-prol-da-ind\u00fastria-1024x683.jpg\" alt=\"\" width=\"1024\" height=\"683\" \/><\/a><figcaption id=\"caption-attachment-11454\" class=\"wp-caption-text\">Vice-Presidente da FIEAM, Nelson Azevedo, ressalta import\u00e2ncia do trabalho das coordenadorias em prol da ind\u00fastria<\/figcaption><\/figure>\n<p>A Coordenadoria de Meio Ambiente e Recursos Naturais (CMA) da Federa\u00e7\u00e3o das Ind\u00fastrias do Estado do Amazonas (FIEAM) atua agora unificada \u00e0 Coordenadoria de Responsabilidade Social (CRS). Na \u00faltima quinta-feira (26), a coordenadora da agora CMARS, Ren\u00e9e Veiga, apresentou, em reuni\u00e3o de diretoria da institui\u00e7\u00e3o, as atribui\u00e7\u00f5es e miss\u00f5es conjuntas para atuar em prol das ind\u00fastrias.<\/p>\n<p>Na condu\u00e7\u00e3o da reuni\u00e3o, o vice-presidente da FIEAM, Nelson Azevedo, disse que a unifica\u00e7\u00e3o vem atender \u00e0s normativas da Confedera\u00e7\u00e3o Nacional da Ind\u00fastria (CNI), que n\u00e3o v\u00ea a necessidade dos temas serem trabalhados de forma dissociada.<\/p>\n<p>A busca pelo aprimoramento da legisla\u00e7\u00e3o ambiental de forma adequada e compat\u00edvel com o conceito de ecoefici\u00eancia, e a ativa participa\u00e7\u00e3o em debates sobre responsabilidade social empresarial, apoiando a\u00e7\u00f5es pertinentes ao tema nas ind\u00fastrias do Estado do Amazonas, s\u00e3o algumas das atribui\u00e7\u00f5es que ser\u00e3o desenvolvidas ao longo das a\u00e7\u00f5es da CMARS.<\/p>\n<p>\u201cComo coordenadora, eu irei tratar mais sobre a parte de meio ambiente dando continuidade \u00e0 minha atua\u00e7\u00e3o ao longo da CMA. Como subcoordenadora, a (empres\u00e1ria) R\u00e9gia Leite ir\u00e1 tratar da parte de responsabilidade social, sua atua\u00e7\u00e3o dentro da CRS\u201d, disse Ren\u00e9e Veiga.<\/p>\n<p>Dentro das a\u00e7\u00f5es que j\u00e1 vem desenvolvendo na assessoria t\u00e9cnica da presid\u00eancia, Ren\u00e9e Veiga ressaltou a atua\u00e7\u00e3o mais efetiva e pr\u00f3xima com o Poder Legislativo, que beneficia a ind\u00fastria por conta da defesa dos interesses na revoga\u00e7\u00e3o, aprova\u00e7\u00e3o ou n\u00e3o, de alguns projetos de lei que est\u00e3o em tramita\u00e7\u00e3o.<\/p>\n<p>\u201cEstamos lutando na Assembleia Legislativa e, dentre as revoga\u00e7\u00f5es, a da Lei 378\/17, com a qual muitos de voc\u00eas j\u00e1 devem ter tido problema na auditoria. Ela trata da capta\u00e7\u00e3o de \u00e1gua pluvial que foi uma obrigatoriedade institu\u00edda em meados do ano passado e vinha causando um desgaste inclusive financeiro para as ind\u00fastrias por conta de uma imediata necessidade de adequa\u00e7\u00e3o\u201d, disse aos empres\u00e1rios presentes.<\/p>\n<p>Como forma de atua\u00e7\u00e3o em prol da ind\u00fastria, a assessoria entrou com o pedido de revoga\u00e7\u00e3o da Lei, com o projeto 60\/18, ainda em tramita\u00e7\u00e3o na ALEAM. \u201cEspero que em breve, um m\u00eas mais ou menos, esse processo finalize de forma positiva em nome da ind\u00fastria\u201d, ressaltou.<\/p>\n<p>&nbsp;<\/p>\n<p>&nbsp;<\/p>\n<p><strong>Coordenadoria de Meio Ambiente, Recursos Naturais e Responsabilidade Social-CMARS:<\/strong><\/p>\n<p><strong>Coordenadora:\u00a0<\/strong>Ren\u00e9e Fagundes Veiga<strong>\u00a0\u00a0\u00a0\u00a0\u00a0\u00a0\u00a0\u00a0\u00a0\u00a0\u00a0\u00a0\u00a0\u00a0\u00a0\u00a0\u00a0\u00a0\u00a0\u00a0\u00a0\u00a0\u00a0\u00a0\u00a0\u00a0\u00a0\u00a0\u00a0\u00a0<\/strong><\/p>\n<p><strong>Subcoordenadora:\u00a0<\/strong>R\u00e9gia Moreira Leite<\/p>\n<p><strong>Membros:<\/strong><\/p>\n<p>Alexsander Jacomin<\/p>\n<p>Elen Carlen Menezes da Cunha<\/p>\n<p>Ellen da Silva Benayon<\/p>\n<p>Iuquio Ashibe<\/p>\n<p>Karla Beatriz da Silva Mendes<\/p>\n<p>Paulo C\u00e9sar da Costa Maciel<\/p>\n<p>Sandro Augusto Lima dos Santos<\/p>\n<p>Sim\u00f4nica Lima de Carvalho Sidrim<\/p>\n<p>Maria Stef\u00e2nia Rose da Silva Rodrigues<\/p>\n<p>Miyoshi Yamashita<\/p>\n<p>Hyrlene Batalha Ferreira<\/p>\n<p>Telma do Socorro da Silva Lopes<\/p>\n","protected":false},"excerpt":{"rendered":"<p>A Coordenadoria de Meio Ambiente e Recursos Naturais (CMA) da Federa\u00e7\u00e3o das Ind\u00fastrias do Estado do Amazonas (FIEAM) atua agora unificada \u00e0 Coordenadoria de Responsabilidade Social (CRS). Na \u00faltima quinta-feira (26), a coordenadora da agora CMARS, Ren\u00e9e Veiga, apresentou, em reuni\u00e3o de diretoria da institui\u00e7\u00e3o, as atribui\u00e7\u00f5es e miss\u00f5es conjuntas para atuar em prol das [&hellip;]<\/p>\n","protected":false},"author":1,"featured_media":11453,"comment_status":"closed","ping_status":"open","sticky":false,"template":"","format":"standard","meta":{"footnotes":""},"categories":[29,30],"tags":[],"class_list":["post-11452","post","type-post","status-publish","format-standard","has-post-thumbnail","hentry","category-news","category-news_destaque"],"yoast_head":"<!-- This site is optimized with the Yoast SEO plugin v26.8 - https:\/\/yoast.com\/product\/yoast-seo-wordpress\/ -->\n<title>FIEAM unifica coordenadorias de Meio Ambiente e Responsabilidade Social - FIEAM<\/title>\n<meta name=\"robots\" content=\"index, follow, max-snippet:-1, max-image-preview:large, max-video-preview:-1\" \/>\n<link rel=\"canonical\" href=\"https:\/\/fieam.org.br\/fieam\/fieam-unifica-coordenadorias-de-meio-ambiente-e-responsabilidade-social\/\" \/>\n<meta property=\"og:locale\" content=\"pt_BR\" \/>\n<meta property=\"og:type\" content=\"article\" \/>\n<meta property=\"og:title\" content=\"FIEAM unifica coordenadorias de Meio Ambiente e Responsabilidade Social - FIEAM\" \/>\n<meta property=\"og:description\" content=\"A Coordenadoria de Meio Ambiente e Recursos Naturais (CMA) da Federa\u00e7\u00e3o das Ind\u00fastrias do Estado do Amazonas (FIEAM) atua agora unificada \u00e0 Coordenadoria de Responsabilidade Social (CRS). Na \u00faltima quinta-feira (26), a coordenadora da agora CMARS, Ren\u00e9e Veiga, apresentou, em reuni\u00e3o de diretoria da institui\u00e7\u00e3o, as atribui\u00e7\u00f5es e miss\u00f5es conjuntas para atuar em prol das [&hellip;]\" \/>\n<meta property=\"og:url\" content=\"https:\/\/fieam.org.br\/fieam\/fieam-unifica-coordenadorias-de-meio-ambiente-e-responsabilidade-social\/\" \/>\n<meta property=\"og:site_name\" content=\"FIEAM\" \/>\n<meta property=\"article:published_time\" content=\"2018-04-27T19:20:18+00:00\" \/>\n<meta name=\"author\" content=\"Autor\" \/>\n<meta name=\"twitter:card\" content=\"summary_large_image\" \/>\n<meta name=\"twitter:label1\" content=\"Escrito por\" \/>\n\t<meta name=\"twitter:data1\" content=\"Autor\" \/>\n\t<meta name=\"twitter:label2\" content=\"Est. tempo de leitura\" \/>\n\t<meta name=\"twitter:data2\" content=\"2 minutos\" \/>\n<script type=\"application\/ld+json\" class=\"yoast-schema-graph\">{\"@context\":\"https:\/\/schema.org\",\"@graph\":[{\"@type\":\"Article\",\"@id\":\"https:\/\/fieam.org.br\/fieam\/fieam-unifica-coordenadorias-de-meio-ambiente-e-responsabilidade-social\/#article\",\"isPartOf\":{\"@id\":\"https:\/\/fieam.org.br\/fieam\/fieam-unifica-coordenadorias-de-meio-ambiente-e-responsabilidade-social\/\"},\"author\":{\"name\":\"Autor\",\"@id\":\"https:\/\/fieam.org.br\/fieam\/#\/schema\/person\/c1ceda8321521b291cee22da0a7d34be\"},\"headline\":\"FIEAM unifica coordenadorias de Meio Ambiente e Responsabilidade Social\",\"datePublished\":\"2018-04-27T19:20:18+00:00\",\"mainEntityOfPage\":{\"@id\":\"https:\/\/fieam.org.br\/fieam\/fieam-unifica-coordenadorias-de-meio-ambiente-e-responsabilidade-social\/\"},\"wordCount\":503,\"publisher\":{\"@id\":\"https:\/\/fieam.org.br\/fieam\/#organization\"},\"image\":{\"@id\":\"https:\/\/fieam.org.br\/fieam\/fieam-unifica-coordenadorias-de-meio-ambiente-e-responsabilidade-social\/#primaryimage\"},\"thumbnailUrl\":\"\",\"articleSection\":[\"News\",\"News Destaque\"],\"inLanguage\":\"pt-BR\"},{\"@type\":\"WebPage\",\"@id\":\"https:\/\/fieam.org.br\/fieam\/fieam-unifica-coordenadorias-de-meio-ambiente-e-responsabilidade-social\/\",\"url\":\"https:\/\/fieam.org.br\/fieam\/fieam-unifica-coordenadorias-de-meio-ambiente-e-responsabilidade-social\/\",\"name\":\"FIEAM unifica coordenadorias de Meio Ambiente e Responsabilidade Social - FIEAM\",\"isPartOf\":{\"@id\":\"https:\/\/fieam.org.br\/fieam\/#website\"},\"primaryImageOfPage\":{\"@id\":\"https:\/\/fieam.org.br\/fieam\/fieam-unifica-coordenadorias-de-meio-ambiente-e-responsabilidade-social\/#primaryimage\"},\"image\":{\"@id\":\"https:\/\/fieam.org.br\/fieam\/fieam-unifica-coordenadorias-de-meio-ambiente-e-responsabilidade-social\/#primaryimage\"},\"thumbnailUrl\":\"\",\"datePublished\":\"2018-04-27T19:20:18+00:00\",\"breadcrumb\":{\"@id\":\"https:\/\/fieam.org.br\/fieam\/fieam-unifica-coordenadorias-de-meio-ambiente-e-responsabilidade-social\/#breadcrumb\"},\"inLanguage\":\"pt-BR\",\"potentialAction\":[{\"@type\":\"ReadAction\",\"target\":[\"https:\/\/fieam.org.br\/fieam\/fieam-unifica-coordenadorias-de-meio-ambiente-e-responsabilidade-social\/\"]}]},{\"@type\":\"ImageObject\",\"inLanguage\":\"pt-BR\",\"@id\":\"https:\/\/fieam.org.br\/fieam\/fieam-unifica-coordenadorias-de-meio-ambiente-e-responsabilidade-social\/#primaryimage\",\"url\":\"\",\"contentUrl\":\"\"},{\"@type\":\"BreadcrumbList\",\"@id\":\"https:\/\/fieam.org.br\/fieam\/fieam-unifica-coordenadorias-de-meio-ambiente-e-responsabilidade-social\/#breadcrumb\",\"itemListElement\":[{\"@type\":\"ListItem\",\"position\":1,\"name\":\"In\u00edcio\",\"item\":\"https:\/\/fieam.org.br\/fieam\/\"},{\"@type\":\"ListItem\",\"position\":2,\"name\":\"FIEAM unifica coordenadorias de Meio Ambiente e Responsabilidade Social\"}]},{\"@type\":\"WebSite\",\"@id\":\"https:\/\/fieam.org.br\/fieam\/#website\",\"url\":\"https:\/\/fieam.org.br\/fieam\/\",\"name\":\"FIEAM\",\"description\":\"Site Oficial!\",\"publisher\":{\"@id\":\"https:\/\/fieam.org.br\/fieam\/#organization\"},\"potentialAction\":[{\"@type\":\"SearchAction\",\"target\":{\"@type\":\"EntryPoint\",\"urlTemplate\":\"https:\/\/fieam.org.br\/fieam\/?s={search_term_string}\"},\"query-input\":{\"@type\":\"PropertyValueSpecification\",\"valueRequired\":true,\"valueName\":\"search_term_string\"}}],\"inLanguage\":\"pt-BR\"},{\"@type\":\"Organization\",\"@id\":\"https:\/\/fieam.org.br\/fieam\/#organization\",\"name\":\"FIEAM\",\"url\":\"https:\/\/fieam.org.br\/fieam\/\",\"logo\":{\"@type\":\"ImageObject\",\"inLanguage\":\"pt-BR\",\"@id\":\"https:\/\/fieam.org.br\/fieam\/#\/schema\/logo\/image\/\",\"url\":\"https:\/\/fieam.org.br\/fieam\/wp-content\/uploads\/sites\/9\/2024\/03\/cropped-fav.png\",\"contentUrl\":\"https:\/\/fieam.org.br\/fieam\/wp-content\/uploads\/sites\/9\/2024\/03\/cropped-fav.png\",\"width\":597,\"height\":598,\"caption\":\"FIEAM\"},\"image\":{\"@id\":\"https:\/\/fieam.org.br\/fieam\/#\/schema\/logo\/image\/\"}},{\"@type\":\"Person\",\"@id\":\"https:\/\/fieam.org.br\/fieam\/#\/schema\/person\/c1ceda8321521b291cee22da0a7d34be\",\"name\":\"Autor\",\"image\":{\"@type\":\"ImageObject\",\"inLanguage\":\"pt-BR\",\"@id\":\"https:\/\/fieam.org.br\/fieam\/#\/schema\/person\/image\/\",\"url\":\"https:\/\/secure.gravatar.com\/avatar\/3732c223e0e1fad69062a8f770955c9068d37b055204f310a0be18d4069fe380?s=96&d=mm&r=g\",\"contentUrl\":\"https:\/\/secure.gravatar.com\/avatar\/3732c223e0e1fad69062a8f770955c9068d37b055204f310a0be18d4069fe380?s=96&d=mm&r=g\",\"caption\":\"Autor\"},\"sameAs\":[\"https:\/\/marketingmassivo.com.br\"],\"url\":\"https:\/\/fieam.org.br\/fieam\/author\/admin\/\"}]}<\/script>\n<!-- \/ Yoast SEO plugin. -->","yoast_head_json":{"title":"FIEAM unifica coordenadorias de Meio Ambiente e Responsabilidade Social - FIEAM","robots":{"index":"index","follow":"follow","max-snippet":"max-snippet:-1","max-image-preview":"max-image-preview:large","max-video-preview":"max-video-preview:-1"},"canonical":"https:\/\/fieam.org.br\/fieam\/fieam-unifica-coordenadorias-de-meio-ambiente-e-responsabilidade-social\/","og_locale":"pt_BR","og_type":"article","og_title":"FIEAM unifica coordenadorias de Meio Ambiente e Responsabilidade Social - FIEAM","og_description":"A Coordenadoria de Meio Ambiente e Recursos Naturais (CMA) da Federa\u00e7\u00e3o das Ind\u00fastrias do Estado do Amazonas (FIEAM) atua agora unificada \u00e0 Coordenadoria de Responsabilidade Social (CRS). Na \u00faltima quinta-feira (26), a coordenadora da agora CMARS, Ren\u00e9e Veiga, apresentou, em reuni\u00e3o de diretoria da institui\u00e7\u00e3o, as atribui\u00e7\u00f5es e miss\u00f5es conjuntas para atuar em prol das [&hellip;]","og_url":"https:\/\/fieam.org.br\/fieam\/fieam-unifica-coordenadorias-de-meio-ambiente-e-responsabilidade-social\/","og_site_name":"FIEAM","article_published_time":"2018-04-27T19:20:18+00:00","author":"Autor","twitter_card":"summary_large_image","twitter_misc":{"Escrito por":"Autor","Est. tempo de leitura":"2 minutos"},"schema":{"@context":"https:\/\/schema.org","@graph":[{"@type":"Article","@id":"https:\/\/fieam.org.br\/fieam\/fieam-unifica-coordenadorias-de-meio-ambiente-e-responsabilidade-social\/#article","isPartOf":{"@id":"https:\/\/fieam.org.br\/fieam\/fieam-unifica-coordenadorias-de-meio-ambiente-e-responsabilidade-social\/"},"author":{"name":"Autor","@id":"https:\/\/fieam.org.br\/fieam\/#\/schema\/person\/c1ceda8321521b291cee22da0a7d34be"},"headline":"FIEAM unifica coordenadorias de Meio Ambiente e Responsabilidade Social","datePublished":"2018-04-27T19:20:18+00:00","mainEntityOfPage":{"@id":"https:\/\/fieam.org.br\/fieam\/fieam-unifica-coordenadorias-de-meio-ambiente-e-responsabilidade-social\/"},"wordCount":503,"publisher":{"@id":"https:\/\/fieam.org.br\/fieam\/#organization"},"image":{"@id":"https:\/\/fieam.org.br\/fieam\/fieam-unifica-coordenadorias-de-meio-ambiente-e-responsabilidade-social\/#primaryimage"},"thumbnailUrl":"","articleSection":["News","News Destaque"],"inLanguage":"pt-BR"},{"@type":"WebPage","@id":"https:\/\/fieam.org.br\/fieam\/fieam-unifica-coordenadorias-de-meio-ambiente-e-responsabilidade-social\/","url":"https:\/\/fieam.org.br\/fieam\/fieam-unifica-coordenadorias-de-meio-ambiente-e-responsabilidade-social\/","name":"FIEAM unifica coordenadorias de Meio Ambiente e Responsabilidade Social - FIEAM","isPartOf":{"@id":"https:\/\/fieam.org.br\/fieam\/#website"},"primaryImageOfPage":{"@id":"https:\/\/fieam.org.br\/fieam\/fieam-unifica-coordenadorias-de-meio-ambiente-e-responsabilidade-social\/#primaryimage"},"image":{"@id":"https:\/\/fieam.org.br\/fieam\/fieam-unifica-coordenadorias-de-meio-ambiente-e-responsabilidade-social\/#primaryimage"},"thumbnailUrl":"","datePublished":"2018-04-27T19:20:18+00:00","breadcrumb":{"@id":"https:\/\/fieam.org.br\/fieam\/fieam-unifica-coordenadorias-de-meio-ambiente-e-responsabilidade-social\/#breadcrumb"},"inLanguage":"pt-BR","potentialAction":[{"@type":"ReadAction","target":["https:\/\/fieam.org.br\/fieam\/fieam-unifica-coordenadorias-de-meio-ambiente-e-responsabilidade-social\/"]}]},{"@type":"ImageObject","inLanguage":"pt-BR","@id":"https:\/\/fieam.org.br\/fieam\/fieam-unifica-coordenadorias-de-meio-ambiente-e-responsabilidade-social\/#primaryimage","url":"","contentUrl":""},{"@type":"BreadcrumbList","@id":"https:\/\/fieam.org.br\/fieam\/fieam-unifica-coordenadorias-de-meio-ambiente-e-responsabilidade-social\/#breadcrumb","itemListElement":[{"@type":"ListItem","position":1,"name":"In\u00edcio","item":"https:\/\/fieam.org.br\/fieam\/"},{"@type":"ListItem","position":2,"name":"FIEAM unifica coordenadorias de Meio Ambiente e Responsabilidade Social"}]},{"@type":"WebSite","@id":"https:\/\/fieam.org.br\/fieam\/#website","url":"https:\/\/fieam.org.br\/fieam\/","name":"FIEAM","description":"Site Oficial!","publisher":{"@id":"https:\/\/fieam.org.br\/fieam\/#organization"},"potentialAction":[{"@type":"SearchAction","target":{"@type":"EntryPoint","urlTemplate":"https:\/\/fieam.org.br\/fieam\/?s={search_term_string}"},"query-input":{"@type":"PropertyValueSpecification","valueRequired":true,"valueName":"search_term_string"}}],"inLanguage":"pt-BR"},{"@type":"Organization","@id":"https:\/\/fieam.org.br\/fieam\/#organization","name":"FIEAM","url":"https:\/\/fieam.org.br\/fieam\/","logo":{"@type":"ImageObject","inLanguage":"pt-BR","@id":"https:\/\/fieam.org.br\/fieam\/#\/schema\/logo\/image\/","url":"https:\/\/fieam.org.br\/fieam\/wp-content\/uploads\/sites\/9\/2024\/03\/cropped-fav.png","contentUrl":"https:\/\/fieam.org.br\/fieam\/wp-content\/uploads\/sites\/9\/2024\/03\/cropped-fav.png","width":597,"height":598,"caption":"FIEAM"},"image":{"@id":"https:\/\/fieam.org.br\/fieam\/#\/schema\/logo\/image\/"}},{"@type":"Person","@id":"https:\/\/fieam.org.br\/fieam\/#\/schema\/person\/c1ceda8321521b291cee22da0a7d34be","name":"Autor","image":{"@type":"ImageObject","inLanguage":"pt-BR","@id":"https:\/\/fieam.org.br\/fieam\/#\/schema\/person\/image\/","url":"https:\/\/secure.gravatar.com\/avatar\/3732c223e0e1fad69062a8f770955c9068d37b055204f310a0be18d4069fe380?s=96&d=mm&r=g","contentUrl":"https:\/\/secure.gravatar.com\/avatar\/3732c223e0e1fad69062a8f770955c9068d37b055204f310a0be18d4069fe380?s=96&d=mm&r=g","caption":"Autor"},"sameAs":["https:\/\/marketingmassivo.com.br"],"url":"https:\/\/fieam.org.br\/fieam\/author\/admin\/"}]}},"_links":{"self":[{"href":"https:\/\/fieam.org.br\/fieam\/wp-json\/wp\/v2\/posts\/11452","targetHints":{"allow":["GET"]}}],"collection":[{"href":"https:\/\/fieam.org.br\/fieam\/wp-json\/wp\/v2\/posts"}],"about":[{"href":"https:\/\/fieam.org.br\/fieam\/wp-json\/wp\/v2\/types\/post"}],"author":[{"embeddable":true,"href":"https:\/\/fieam.org.br\/fieam\/wp-json\/wp\/v2\/users\/1"}],"replies":[{"embeddable":true,"href":"https:\/\/fieam.org.br\/fieam\/wp-json\/wp\/v2\/comments?post=11452"}],"version-history":[{"count":0,"href":"https:\/\/fieam.org.br\/fieam\/wp-json\/wp\/v2\/posts\/11452\/revisions"}],"wp:featuredmedia":[{"embeddable":true,"href":"https:\/\/fieam.org.br\/fieam\/wp-json\/"}],"wp:attachment":[{"href":"https:\/\/fieam.org.br\/fieam\/wp-json\/wp\/v2\/media?parent=11452"}],"wp:term":[{"taxonomy":"category","embeddable":true,"href":"https:\/\/fieam.org.br\/fieam\/wp-json\/wp\/v2\/categories?post=11452"},{"taxonomy":"post_tag","embeddable":true,"href":"https:\/\/fieam.org.br\/fieam\/wp-json\/wp\/v2\/tags?post=11452"}],"curies":[{"name":"wp","href":"https:\/\/api.w.org\/{rel}","templated":true}]}}